{"id":60721,"date":"2026-01-16T09:55:20","date_gmt":"2026-01-16T07:55:20","guid":{"rendered":"https:\/\/www.bodeboca.com\/blog\/?p=60721"},"modified":"2026-01-16T11:35:34","modified_gmt":"2026-01-16T09:35:34","slug":"amatria-podcast","status":"publish","type":"post","link":"https:\/\/www.bodeboca.com\/blog\/amatria-podcast\/","title":{"rendered":"Amatria en &#8216;Sala de Cata&#8217;"},"content":{"rendered":"\n<p>Nos vamos hasta <strong><a href=\"https:\/\/www.bodeboca.com\/vino\/espana\/navarra\/navarra\" target=\"_blank\" rel=\"noopener\" title=\"\">Navarra<\/a> <\/strong>para conocer uno de los proyectos emergentes que han irrumpido con m\u00e1s fuerza en Bodeboca. <strong>Josu Amatria<\/strong> y <strong>Raquel Elizalde<\/strong> conforman una dupla joven, apasionada y ambiciosa que quiere poner en valor el vi\u00f1edo hist\u00f3rico de Tierra Estella, una comarca de gran tradici\u00f3n vin\u00edcola. <strong><a href=\"https:\/\/www.bodeboca.com\/bodegas\/amatria\" target=\"_blank\" rel=\"noopener\" title=\"\">Amatria<\/a> <\/strong>ha conseguido hacerse un nombre en el panorama de elaboradores independientes, consiguiendo el respaldo de cr\u00edticos como <strong><a href=\"https:\/\/www.instagram.com\/luisgutierrezsd\/\" target=\"_blank\" rel=\"noopener\" title=\"\">Luis Guti\u00e9rrez<\/a><\/strong> o <strong><a href=\"https:\/\/www.instagram.com\/timatkinmw\/\" target=\"_blank\" rel=\"noopener\" title=\"\">Tim Atkin MW<\/a><\/strong>. Su apuesta se basa en la <strong><a href=\"https:\/\/www.bodeboca.com\/vino\/garnacha\" target=\"_blank\" rel=\"noopener\" title=\"\">Garnacha<\/a><\/strong>, una variedad aut\u00f3ctona que miman en peque\u00f1as parcelas y que la trabajan con gran sensibilidad en bodega para trasladar toda su identidad en cada botella. <\/p>\n\n\n\n<p>Esc\u00fachalo en&nbsp;<strong><a href=\"https:\/\/open.spotify.com\/episode\/012rfDEgi9GOPsZQ2OR6ZK?si=BhspaWe1QMO_IimNxs93pQ\" target=\"_blank\" rel=\"noopener\" title=\"\">Spotify<\/a><\/strong><br>Esc\u00fachalo en&nbsp;<strong><a href=\"https:\/\/go.ivoox.com\/rf\/166854260\" target=\"_blank\" rel=\"noopener\" title=\"\">iVoox<\/a><\/strong><br>Esc\u00fachalo en&nbsp;<strong><a href=\"https:\/\/podcasts.apple.com\/es\/podcast\/5x08-josu-amatria-y-raquel-elizalde-amatria-los-vinos\/id1600255075?i=1000745396230\" target=\"_blank\" rel=\"noopener\" title=\"\">Apple Podcast<\/a><\/strong><\/p>\n\n\n\n<figure class=\"wp-block-gallery has-nested-images columns-default is-cropped wp-block-gallery-1 is-layout-flex wp-block-gallery-is-layout-flex\">\n<figure class=\"wp-block-image size-large\"><img loading=\"lazy\" decoding=\"async\" width=\"439\" height=\"585\" data-id=\"60727\" src=\"https:\/\/www.bodeboca.com\/blog\/wp-content\/uploads\/2026\/01\/IMG_5801-439x585.jpeg\" alt=\"\" class=\"wp-image-60727\" srcset=\"https:\/\/www.bodeboca.com\/blog\/wp-content\/uploads\/2026\/01\/IMG_5801-439x585.jpeg 439w, https:\/\/www.bodeboca.com\/blog\/wp-content\/uploads\/2026\/01\/IMG_5801-768x1024.jpeg 768w, https:\/\/www.bodeboca.com\/blog\/wp-content\/uploads\/2026\/01\/IMG_5801-1152x1536.jpeg 1152w, https:\/\/www.bodeboca.com\/blog\/wp-content\/uploads\/2026\/01\/IMG_5801-1536x2048.jpeg 1536w, https:\/\/www.bodeboca.com\/blog\/wp-content\/uploads\/2026\/01\/IMG_5801-scaled.jpeg 1920w\" sizes=\"(max-width: 439px) 100vw, 439px\" \/><figcaption class=\"wp-element-caption\">Vi\u00f1as de Garnacha <\/figcaption><\/figure>\n\n\n\n<figure class=\"wp-block-image size-large\"><img loading=\"lazy\" decoding=\"async\" width=\"439\" height=\"585\" data-id=\"60729\" src=\"https:\/\/www.bodeboca.com\/blog\/wp-content\/uploads\/2026\/01\/IMG_5804-439x585.jpeg\" alt=\"\" class=\"wp-image-60729\" srcset=\"https:\/\/www.bodeboca.com\/blog\/wp-content\/uploads\/2026\/01\/IMG_5804-439x585.jpeg 439w, https:\/\/www.bodeboca.com\/blog\/wp-content\/uploads\/2026\/01\/IMG_5804-768x1024.jpeg 768w, https:\/\/www.bodeboca.com\/blog\/wp-content\/uploads\/2026\/01\/IMG_5804-1152x1536.jpeg 1152w, https:\/\/www.bodeboca.com\/blog\/wp-content\/uploads\/2026\/01\/IMG_5804-1536x2048.jpeg 1536w, https:\/\/www.bodeboca.com\/blog\/wp-content\/uploads\/2026\/01\/IMG_5804-scaled.jpeg 1920w\" sizes=\"(max-width: 439px) 100vw, 439px\" \/><figcaption class=\"wp-element-caption\">Raquel Elizalde y Josu Amatria<\/figcaption><\/figure>\n\n\n\n<figure class=\"wp-block-image size-large\"><img loading=\"lazy\" decoding=\"async\" width=\"1920\" height=\"2560\" data-id=\"60739\" src=\"https:\/\/www.bodeboca.com\/blog\/wp-content\/uploads\/2026\/01\/IMG_5848-edited-scaled.jpeg\" alt=\"\" class=\"wp-image-60739\" srcset=\"https:\/\/www.bodeboca.com\/blog\/wp-content\/uploads\/2026\/01\/IMG_5848-edited-scaled.jpeg 1920w, https:\/\/www.bodeboca.com\/blog\/wp-content\/uploads\/2026\/01\/IMG_5848-edited-439x585.jpeg 439w, https:\/\/www.bodeboca.com\/blog\/wp-content\/uploads\/2026\/01\/IMG_5848-edited-768x1024.jpeg 768w, https:\/\/www.bodeboca.com\/blog\/wp-content\/uploads\/2026\/01\/IMG_5848-edited-1152x1536.jpeg 1152w, https:\/\/www.bodeboca.com\/blog\/wp-content\/uploads\/2026\/01\/IMG_5848-edited-1536x2048.jpeg 1536w\" sizes=\"(max-width: 1920px) 100vw, 1920px\" \/><figcaption class=\"wp-element-caption\">Vinos catados en el episodio<\/figcaption><\/figure>\n<\/figure>\n\n\n\n<p><\/p>\n\n\n\n<h2 class=\"wp-block-heading\">Vinos catados durante el episodio:<\/h2>\n\n\n\n<ul>\n<li><strong><a href=\"https:\/\/www.bodeboca.com\/vino\/rocha-2024\" target=\"_blank\" rel=\"noopener\" title=\"\">La Rocha 2024<\/a><\/strong><\/li>\n\n\n\n<li><strong><a href=\"https:\/\/www.bodeboca.com\/vino\/son-guarda-2024\" target=\"_blank\" rel=\"noopener\" title=\"\">Son de la Guarda 2024<\/a><\/strong><\/li>\n\n\n\n<li><strong><a href=\"https:\/\/www.bodeboca.com\/vino\/amatria-2023\" target=\"_blank\" rel=\"noopener\" title=\"\">Amatria 2023<\/a><\/strong><\/li>\n<\/ul>\n<div id=\"themify_builder_content-60721\" data-postid=\"60721\" class=\"themify_builder_content themify_builder_content-60721 themify_builder themify_builder_front\">\n\t<\/div>\n<!-- \/themify_builder_content -->","protected":false},"excerpt":{"rendered":"<p>Charlamos con Josu Amatria y Raquel Elizalde en Navarra para conocer en profundidad uno de los proyectos emergentes m\u00e1s interesantes de los \u00faltimos tiempos. Una dupla que pone en valor su tierra y su Garnacha.<\/p>\n","protected":false},"author":27,"featured_media":60725,"comment_status":"open","ping_status":"closed","sticky":false,"template":"","format":"standard","meta":{"footnotes":""},"categories":[5111,9519],"tags":[8665,270,10015,8667,963,3698,5189,8669,5159,8679,41,670,5900],"aioseo_notices":[],"_links":{"self":[{"href":"https:\/\/www.bodeboca.com\/blog\/wp-json\/wp\/v2\/posts\/60721"}],"collection":[{"href":"https:\/\/www.bodeboca.com\/blog\/wp-json\/wp\/v2\/posts"}],"about":[{"href":"https:\/\/www.bodeboca.com\/blog\/wp-json\/wp\/v2\/types\/post"}],"author":[{"embeddable":true,"href":"https:\/\/www.bodeboca.com\/blog\/wp-json\/wp\/v2\/users\/27"}],"replies":[{"embeddable":true,"href":"https:\/\/www.bodeboca.com\/blog\/wp-json\/wp\/v2\/comments?post=60721"}],"version-history":[{"count":12,"href":"https:\/\/www.bodeboca.com\/blog\/wp-json\/wp\/v2\/posts\/60721\/revisions"}],"predecessor-version":[{"id":60875,"href":"https:\/\/www.bodeboca.com\/blog\/wp-json\/wp\/v2\/posts\/60721\/revisions\/60875"}],"wp:featuredmedia":[{"embeddable":true,"href":"https:\/\/www.bodeboca.com\/blog\/wp-json\/wp\/v2\/media\/60725"}],"wp:attachment":[{"href":"https:\/\/www.bodeboca.com\/blog\/wp-json\/wp\/v2\/media?parent=60721"}],"wp:term":[{"taxonomy":"category","embeddable":true,"href":"https:\/\/www.bodeboca.com\/blog\/wp-json\/wp\/v2\/categories?post=60721"},{"taxonomy":"post_tag","embeddable":true,"href":"https:\/\/www.bodeboca.com\/blog\/wp-json\/wp\/v2\/tags?post=60721"}],"curies":[{"name":"wp","href":"https:\/\/api.w.org\/{rel}","templated":true}]}}