{"id":58919,"date":"2025-12-03T09:30:00","date_gmt":"2025-12-03T07:30:00","guid":{"rendered":"https:\/\/www.bodeboca.com\/blog\/?p=58919"},"modified":"2025-12-03T11:29:13","modified_gmt":"2025-12-03T09:29:13","slug":"quien-teme-a-romanee-conti","status":"publish","type":"post","link":"https:\/\/www.bodeboca.com\/blog\/quien-teme-a-romanee-conti\/","title":{"rendered":"\u00bfQui\u00e9n teme a Roman\u00e9e-Conti?"},"content":{"rendered":"\n<p>El pasado 6 de noviembre, el restaurante <strong>Los 33<\/strong> de Madrid acogi\u00f3 la presentaci\u00f3n del <strong>nuevo libro de Dan Keeling, <em><a href=\"https:\/\/www.cincotintas.com\/product\/quien-teme-a-romanee-conti\/\" target=\"_blank\" rel=\"noopener\" title=\"\">\u00bfQui\u00e9n teme a Roman\u00e9e-Conti?<\/a><\/em><\/strong> <strong>publicado en Espa\u00f1a por la editorial <a href=\"https:\/\/www.cincotintas.com\/\" target=\"_blank\" rel=\"noopener\" title=\"Cinto Tintas\">Cinto Tintas<\/a><\/strong>. La cita reuni\u00f3 a un nutrido grupo de profesionales del mundo del vino, sumilleres, distribuidores, periodistas especializados y amantes de la cultura vin\u00edcola, que acudieron a descubrir la obra m\u00e1s reciente del c\u00e9lebre divulgador brit\u00e1nico, fundador de la revista<em> <\/em><strong><em>Noble Rot<\/em> <\/strong>y de los hom\u00f3nimos restaurantes especializados en vinos.<\/p>\n\n\n\n<p>Para introducir y dialogar con el autor, contamos con un invitado excepcional: <strong><a href=\"https:\/\/www.bodeboca.com\/blog\/luis-gutierrez\/?utm_source=blog&amp;utm_medium=referral&amp;utm_campaign=Quien-teme-Romanee-Conti\" target=\"_blank\" rel=\"noopener\" title=\"Luis Guti\u00e9rrez\">Luis Guti\u00e9rrez<\/a><\/strong>, cr\u00edtico de <em>The Wine Advocate<\/em>, una de las voces m\u00e1s importantes del mundo del vino y referencia absoluta en el panorama vin\u00edcola espa\u00f1ol y sudamericano.<\/p>\n\n\n\n<p>Lo que tuvimos el placer de presenciar fue una conversaci\u00f3n sincera, fluida y llena de matices que no solo <strong>nos permiti\u00f3 comprender en profundidad el contenido del libro<\/strong> (del que encontrar\u00e9is la rese\u00f1a m\u00e1s abajo), sino tambi\u00e9n acercarnos al recorrido personal del autor y a la filosof\u00eda que subyace en la obra.<\/p>\n\n\n\n<p>Nos embarcamos as\u00ed en un verdadero <strong>viaje de descubrimiento<\/strong> en el que el Dan Keeling comparti\u00f3 sus primeros pasos en este mundo: c\u00f3mo la curiosidad inicial fue transform\u00e1ndose con el tiempo en una pasi\u00f3n intensa, casi obsesiva.<\/p>\n\n\n\n<p>Se habl\u00f3 de vinos y de catas memorables, pero sobre todo de la importancia del <strong>factor humano<\/strong>: de los viticultores que est\u00e1n detr\u00e1s de cada etiqueta y que, gracias a su dedicaci\u00f3n, logran ofrecernos una expresi\u00f3n aut\u00e9ntica de un <em>terroir<\/em> y de una tradici\u00f3n centenaria.<\/p>\n\n\n\n<p>En varias ocasiones, durante la presentaci\u00f3n, se insisti\u00f3 en la importancia de viajar, de <strong>conocer los territorios y visitar personalmente bodegas y viticultores<\/strong> como la mejor manera de comprender plenamente un vino.<\/p>\n\n\n\n<p>Los asistentes tuvimos la fortuna no solo de escuchar, sino tambi\u00e9n de interactuar con el autor, aportando observaciones y planteando preguntas.<strong> Personalmente no dej\u00e9 pasar la oportunidad y quise saber si el mundo del vino es tan permeable a las modas como, por ejemplo, el de la m\u00fasica <\/strong>(entorno del que proviene Dan Keeling, tras muchos a\u00f1os como <em>talent scout<\/em> y m\u00e1nager en un importante sello discogr\u00e1fico).&nbsp;<\/p>\n\n\n\n<p>En concreto, mencion\u00e9 el fen\u00f3meno del <em>revival<\/em>, comparando el regreso del vinilo como soporte musical con el retorno a un estilo de vinificaci\u00f3n m\u00e1s fresco y vibrante, anterior a la \u201cparkerizaci\u00f3n\u201d de los vinos que tuvo lugar en los a\u00f1os 80 y 90.<\/p>\n\n\n\n<p>La respuesta del autor se centr\u00f3 en<strong> la moda y el gusto como fen\u00f3menos c\u00edclicos<\/strong>, y en la idea de que la explicaci\u00f3n no debe buscarse \u00fanicamente en los h\u00e1bitos de consumo de las nuevas generaciones de consumidores, sino tambi\u00e9n en las nuevas generaciones de viticultores, cuya sensibilidad difiere notablemente de la de sus predecesores, especialmente en lo relacionado con la sostenibilidad y las pr\u00e1cticas de viticultura.<\/p>\n\n\n\n<p>El evento estuvo acompa\u00f1ado, adem\u00e1s, por una peque\u00f1a pero extraordinaria<strong> degustaci\u00f3n de tres vinos,<\/strong> cada uno maridado con un plato exquisito ofrecido por el restaurante:<\/p>\n\n\n\n<div class=\"wp-block-media-text is-stacked-on-mobile\" style=\"grid-template-columns:40% auto\"><figure class=\"wp-block-media-text__media\"><img loading=\"lazy\" decoding=\"async\" width=\"439\" height=\"585\" src=\"https:\/\/www.bodeboca.com\/blog\/wp-content\/uploads\/2025\/12\/IMG_1862-439x585.jpg\" alt=\"\" class=\"wp-image-58985 size-full\" srcset=\"https:\/\/www.bodeboca.com\/blog\/wp-content\/uploads\/2025\/12\/IMG_1862-439x585.jpg 439w, https:\/\/www.bodeboca.com\/blog\/wp-content\/uploads\/2025\/12\/IMG_1862-768x1024.jpg 768w, https:\/\/www.bodeboca.com\/blog\/wp-content\/uploads\/2025\/12\/IMG_1862-1152x1536.jpg 1152w, https:\/\/www.bodeboca.com\/blog\/wp-content\/uploads\/2025\/12\/IMG_1862-1536x2048.jpg 1536w, https:\/\/www.bodeboca.com\/blog\/wp-content\/uploads\/2025\/12\/IMG_1862-scaled.jpg 1920w\" sizes=\"(max-width: 439px) 100vw, 439px\" \/><\/figure><div class=\"wp-block-media-text__content\">\n<ul>\n<li><strong>Cecina de Wagyu<\/strong> con <strong><a href=\"https:\/\/www.bodeboca.com\/bodegas\/riva?utm_source=blog&amp;utm_medium=referral&amp;utm_campaign=Quien-teme-Romanee-Conti\" target=\"_blank\" rel=\"noopener\" title=\"De La Riva\">De La Riva<\/a> Manzanilla Fina Miraflores Baja<br><\/strong><\/li>\n<\/ul>\n\n\n\n<p><\/p>\n\n\n\n<ul>\n<li><strong>Espinacas con pi\u00f1ones, pasas y \u201cun mont\u00f3n de parmesano\u201d<\/strong> con <strong><a href=\"http:\/\/bodeboca.com\/vino\/suertes-marques-trenzado-2024?utm_source=blog&amp;utm_medium=referral&amp;utm_campaign=Quien-teme-Romanee-Conti\" target=\"_blank\" rel=\"noopener\" title=\"Suerte del Marqu\u00e9s Trenzado 2024\">Suerte del Marqu\u00e9s Trenzado 2024<\/a><br><\/strong><\/li>\n<\/ul>\n\n\n\n<p><\/p>\n\n\n\n<ul>\n<li><strong>Entra\u00f1a de Wagyu<\/strong> con <strong>Maison Camille Thiriet C\u00f4te de Nuits Villages Aux Montagnes 2023<br><\/strong><\/li>\n<\/ul>\n<\/div><\/div>\n\n\n\n<p><\/p>\n\n\n\n<p>Fue, en definitiva, una presentaci\u00f3n marcada por el hedonismo gastron\u00f3mico, enol\u00f3gico y, por qu\u00e9 no decirlo, tambi\u00e9n intelectual. Porque, como se record\u00f3 en varias ocasiones, <strong>hablar de vino es tambi\u00e9n hablar de civilizaci\u00f3n<\/strong>, y conviene no olvidarlo nunca: reivindicando la cultura vin\u00edcola con una copa y un libro en la mano.<\/p>\n\n\n\n<p><\/p>\n\n\n\n<h2 class=\"wp-block-heading\">Rese\u00f1a de <strong><em>\u00bfQui\u00e9n teme a Roman\u00e9e-Conti?<\/em><\/strong> de Dan Keeling:<\/h2>\n\n\n\n<p><\/p>\n\n\n\n<p><strong>Dan Keeling<\/strong>, con su revista<a href=\"https:\/\/noblerot.co.uk\/\" target=\"_blank\" rel=\"noopener\" title=\" Noble Rot \"> <em>Noble Rot<\/em><\/a>, ha conseguido algo muy complejo: unir la cr\u00edtica enol\u00f3gica con la sensibilidad cultural, la m\u00fasica, la literatura y, sobre todo, el placer de compartir una copa sin pretensiones. Su libro<strong> <em>\u00bfQui\u00e9n teme a Roman\u00e9e-Conti?<\/em><\/strong>,<em> <\/em>adem\u00e1s de ser una recopilaci\u00f3n de art\u00edculos donde se comparten an\u00e9cdotas, catas m\u00edticas y experiencias personales, es un recorrido por el mundo del buen vino, desde los grandes <em>crus <\/em>de <a href=\"https:\/\/www.bodeboca.com\/francia\/bourgogne?utm_source=blog&amp;utm_medium=referral&amp;utm_campaign=Quien-teme-Romanee-Conti\" target=\"_blank\" rel=\"noopener\" title=\"Borgo\u00f1a \">Borgo\u00f1a<\/a> hasta las bodegas m\u00e1s humildes.<\/p>\n\n\n\n<p>Aqu\u00ed no encontrar\u00e1s, tal y como sugiere el t\u00edtulo, exclusivamente homenajes a vinos inasequibles, sino <strong>una reflexi\u00f3n sobre el valor<\/strong>. En una \u00e9poca en la que el precio parece dictar el prestigio, Keeling nos recuerda que el verdadero valor de un vino no se mide en cifras, sino en emoci\u00f3n. Una botella de Roman\u00e9e-Conti puede ser considerada un \u201csagrado grial\u201d para muchos y valer una fortuna, pero sigue siendo el fruto de una cultura artesana que desaf\u00eda la l\u00f3gica del mercado.&nbsp;<\/p>\n\n\n\n<p>Pero, por suerte, <strong>vivimos en un tiempo en el que hay muchas referencias de calidad que tambi\u00e9n son muy asequibles<\/strong>, y algunas se pueden encontrar en este libro que, p\u00e1gina tras p\u00e1gina, tiene el gran m\u00e9rito de acercar el p\u00fablico al mundo de los \u201cvinos aut\u00e9nticos\u201d y a quienes los elaboran.<\/p>\n\n\n\n<p><\/p>\n\n\n\n<div class=\"wp-block-media-text is-stacked-on-mobile\" style=\"grid-template-columns:35% auto\"><figure class=\"wp-block-media-text__media\"><a href=\"https:\/\/www.cincotintas.com\/product\/quien-teme-a-romanee-conti\/\" target=\"_blank\" rel=\"noreferrer noopener\"><img loading=\"lazy\" decoding=\"async\" width=\"432\" height=\"585\" src=\"https:\/\/www.bodeboca.com\/blog\/wp-content\/uploads\/2025\/11\/Portada-Quien-teme-a-romanee-conti-432x585.jpg\" alt=\"Portada - Quien teme a romanee-conti\" class=\"wp-image-58921 size-full\" srcset=\"https:\/\/www.bodeboca.com\/blog\/wp-content\/uploads\/2025\/11\/Portada-Quien-teme-a-romanee-conti-432x585.jpg 432w, https:\/\/www.bodeboca.com\/blog\/wp-content\/uploads\/2025\/11\/Portada-Quien-teme-a-romanee-conti.jpg 552w\" sizes=\"(max-width: 432px) 100vw, 432px\" \/><\/a><\/figure><div class=\"wp-block-media-text__content\">\n<h3 class=\"wp-block-heading\"><strong>\u00bfQui\u00e9n teme a Roman\u00e9e-Conti?<\/strong><\/h3>\n\n\n\n<p>Autor: Dan Keeling<\/p>\n\n\n\n<p>Editorial: <a href=\"https:\/\/www.cincotintas.com\/\" target=\"_blank\" rel=\"noopener\" title=\"Cinco Tintas\">Cinco Tintas<\/a><\/p>\n\n\n\n<p>A\u00f1o: 2025<\/p>\n\n\n\n<p>P\u00e1ginas: 238<\/p>\n\n\n\n<p>PVP: 39,95\u20ac<\/p>\n<\/div><\/div>\n<div id=\"themify_builder_content-58919\" data-postid=\"58919\" class=\"themify_builder_content themify_builder_content-58919 themify_builder themify_builder_front\">\n\t<\/div>\n<!-- \/themify_builder_content -->","protected":false},"excerpt":{"rendered":"<p>Rese\u00f1a y cr\u00f3nica de la presentaci\u00f3n en Madrid de la edici\u00f3n en castellano de la \u00faltima obra del reconocido autor brit\u00e1nico Dan Keeling.<\/p>\n","protected":false},"author":59,"featured_media":58995,"comment_status":"open","ping_status":"closed","sticky":false,"template":"","format":"standard","meta":{"footnotes":""},"categories":[1951,1749],"tags":[33,205,9801,9797,9809,9803,3560,47,9799,9805,9807,2399],"aioseo_notices":[],"_links":{"self":[{"href":"https:\/\/www.bodeboca.com\/blog\/wp-json\/wp\/v2\/posts\/58919"}],"collection":[{"href":"https:\/\/www.bodeboca.com\/blog\/wp-json\/wp\/v2\/posts"}],"about":[{"href":"https:\/\/www.bodeboca.com\/blog\/wp-json\/wp\/v2\/types\/post"}],"author":[{"embeddable":true,"href":"https:\/\/www.bodeboca.com\/blog\/wp-json\/wp\/v2\/users\/59"}],"replies":[{"embeddable":true,"href":"https:\/\/www.bodeboca.com\/blog\/wp-json\/wp\/v2\/comments?post=58919"}],"version-history":[{"count":24,"href":"https:\/\/www.bodeboca.com\/blog\/wp-json\/wp\/v2\/posts\/58919\/revisions"}],"predecessor-version":[{"id":59033,"href":"https:\/\/www.bodeboca.com\/blog\/wp-json\/wp\/v2\/posts\/58919\/revisions\/59033"}],"wp:featuredmedia":[{"embeddable":true,"href":"https:\/\/www.bodeboca.com\/blog\/wp-json\/wp\/v2\/media\/58995"}],"wp:attachment":[{"href":"https:\/\/www.bodeboca.com\/blog\/wp-json\/wp\/v2\/media?parent=58919"}],"wp:term":[{"taxonomy":"category","embeddable":true,"href":"https:\/\/www.bodeboca.com\/blog\/wp-json\/wp\/v2\/categories?post=58919"},{"taxonomy":"post_tag","embeddable":true,"href":"https:\/\/www.bodeboca.com\/blog\/wp-json\/wp\/v2\/tags?post=58919"}],"curies":[{"name":"wp","href":"https:\/\/api.w.org\/{rel}","templated":true}]}}