{"id":58867,"date":"2025-12-15T11:04:15","date_gmt":"2025-12-15T09:04:15","guid":{"rendered":"https:\/\/www.bodeboca.com\/blog\/?p=58867"},"modified":"2025-12-15T16:54:02","modified_gmt":"2025-12-15T14:54:02","slug":"los-alpes-viaje-a-la-cima-de-europa","status":"publish","type":"post","link":"https:\/\/www.bodeboca.com\/blog\/los-alpes-viaje-a-la-cima-de-europa\/","title":{"rendered":"Los Alpes: viaje a la cima de Europa"},"content":{"rendered":"\n<p>Son las cinco de la tarde. El sol empieza a esconderse tras las cumbres, despu\u00e9s de encender tus mejillas durante largas horas de esqu\u00ed. Queda una \u00faltima bajada antes de desabrocharte las botas y dar paso al ritual m\u00e1s esperado: ducha caliente, <em>apr\u00e8s-ski<\/em> y <em>fondue<\/em>. Pero los Alpes no son solo un destino para esquiadores. Quienes buscan senderos, naturaleza o la calma de los paisajes invernales tambi\u00e9n hallan un refugio incomparable. Estas monta\u00f1as son m\u00e1s que cumbres blancas y panoramas de postal. En este imponente macizo europeo tambi\u00e9n hay lugar para experiencias l\u00edquidas y gastron\u00f3micas \u00fanicas.<\/p>\n\n\n\n<p>Encontrar\u00e1s <strong>vinos de altura<\/strong>, aguardientes artesanales, aguas minerales pur\u00edsimas y una cocina que siempre encuentra su armon\u00eda con una copa al lado, desde los quesos hasta el chocolate. Y es precisamente en el vino donde nos detenemos. La viticultura alpina, forjada en <strong>climas extremos y suelos desafiantes<\/strong>, ha convertido la dificultad en una identidad propia, dando lugar a una diversidad de sabores que seduce tanto a amantes del vino como a viajeros en busca de experiencias aut\u00e9nticas.<\/p>\n\n\n\n<p>Aqu\u00ed comienza tu <strong><em>roadtrip<\/em> alpino<\/strong> por Francia, Suiza, <a href=\"https:\/\/bodeboca.com\/blog\/vino-austriaco\/?utm_source=blog&amp;utm_medium=referral&amp;utm_campaign=destinosliquidoslosalpes\" title=\"\">Austria<\/a> e Italia: cuatro pa\u00edses unidos por las mismas monta\u00f1as majestuosas, pero cada uno con su car\u00e1cter, gastronom\u00eda y costumbres. Una ruta vin\u00edcola fascinante, perfecta para quienes buscan un viaje en el que la naturaleza y la mesa dialogan entre s\u00ed.<\/p>\n\n\n<div class=\"wp-block-image\">\n<figure class=\"aligncenter size-large\"><img loading=\"lazy\" decoding=\"async\" width=\"877\" height=\"585\" src=\"https:\/\/www.bodeboca.com\/blog\/wp-content\/uploads\/2025\/11\/quesoyvino-cmyk-877x585.jpg\" alt=\"\" class=\"wp-image-58869\" srcset=\"https:\/\/www.bodeboca.com\/blog\/wp-content\/uploads\/2025\/11\/quesoyvino-cmyk-877x585.jpg 877w, https:\/\/www.bodeboca.com\/blog\/wp-content\/uploads\/2025\/11\/quesoyvino-cmyk-768x512.jpg 768w, https:\/\/www.bodeboca.com\/blog\/wp-content\/uploads\/2025\/11\/quesoyvino-cmyk.jpg 1000w\" sizes=\"(max-width: 877px) 100vw, 877px\" \/><figcaption class=\"wp-element-caption\">Queso y vino de Savoie frente a los Alpes, con las cumbres nevadas de los Hautes-Alpes al fondo<\/figcaption><\/figure><\/div>\n\n\n<h2 class=\"wp-block-heading\" id=\"por-que-visitarla\"><strong>Por qu\u00e9 visitarlo<\/strong><\/h2>\n\n\n\n<p>Los paisajes nevados transforman vi\u00f1edos, pueblos y lagos en escenarios de cuento, y cada cumbre, glaciar o valle ofrece panor\u00e1micas que quitan el aliento. Las actividades son tan diversas como la geograf\u00eda: esqu\u00ed,<em> snowboard<\/em>, senderismo con raquetas, paseos en trineo o relax absoluto en circuitos de aguas termales y <em>spas<\/em>.<\/p>\n\n\n\n<p>En estas monta\u00f1as se esconden <strong>bodegas elevadas<\/strong> y cuevas subterr\u00e1neas abiertas a los visitantes. Desde salas talladas en la roca hasta refugios acogedores junto a los vi\u00f1edos, cada espacio invita a descubrir la <strong>viticultura heroica<\/strong> de la regi\u00f3n y a disfrutar de experiencias que mezclan paisaje, tradici\u00f3n e identidad vin\u00edcola.<\/p>\n\n\n\n<p>Tras vivir la magia de sus bodegas, el viaje contin\u00faa en las <strong>aldeas<\/strong> alpinas, con sus calles empedradas y arquitectura tradicional. Los mercados navide\u00f1os, los telef\u00e9ricos y las excursiones a glaciares convierten el invierno all\u00ed en un recuerdo inolvidable.<\/p>\n\n\n<div class=\"wp-block-image\">\n<figure class=\"aligncenter size-large\"><img loading=\"lazy\" decoding=\"async\" width=\"881\" height=\"585\" src=\"https:\/\/www.bodeboca.com\/blog\/wp-content\/uploads\/2025\/11\/viticultura-heroica-cmyk-881x585.jpg\" alt=\"\" class=\"wp-image-58871\" srcset=\"https:\/\/www.bodeboca.com\/blog\/wp-content\/uploads\/2025\/11\/viticultura-heroica-cmyk-881x585.jpg 881w, https:\/\/www.bodeboca.com\/blog\/wp-content\/uploads\/2025\/11\/viticultura-heroica-cmyk-768x510.jpg 768w, https:\/\/www.bodeboca.com\/blog\/wp-content\/uploads\/2025\/11\/viticultura-heroica-cmyk-1536x1020.jpg 1536w, https:\/\/www.bodeboca.com\/blog\/wp-content\/uploads\/2025\/11\/viticultura-heroica-cmyk-2048x1360.jpg 2048w\" sizes=\"(max-width: 881px) 100vw, 881px\" \/><figcaption class=\"wp-element-caption\">Vi\u00f1edos de la regi\u00f3n de Lavaux, Suiza<\/figcaption><\/figure><\/div>\n\n\n<h2 class=\"wp-block-heading\" id=\"que-visitar\"><strong>Qu\u00e9 ver<\/strong><\/h2>\n\n\n\n<p><strong>Chamonix<\/strong> es la meca del alpinismo, con el <strong>Mont Blanc<\/strong> como tel\u00f3n de fondo. Los telef\u00e9ricos llevan a la <strong>Aiguille du Midi<\/strong> para sentir la grandeza alpina, mientras <strong>Annecy<\/strong> deslumbra con su lago turquesa y su casco medieval. Entre estas aldeas, los vi\u00f1edos de <strong>Saboya<\/strong> se aferran a laderas imposibles.<\/p>\n\n\n\n<p>La magia persiste en Suiza: valles verdes, lagos y monta\u00f1as como el <strong>Matterhorn<\/strong>. <strong>Interlaken<\/strong> conecta con el Jungfraujoch y <strong>Saint Moritz <\/strong>atrae por su <em>glamour<\/em>. M\u00e1s al norte, los vi\u00f1edos en terrazas de <strong>Lavaux<\/strong>, Patrimonio de la Humanidad, regalan una de las rutas vin\u00edcolas m\u00e1s bellas de Europa. <\/p>\n\n\n\n<p>En Austria, <strong>Innsbruck <\/strong>es la base ideal para visitar <strong>Hallstatt<\/strong>, <strong>Estiria y Tirol<\/strong>. Finalmente, en Italia, los <strong>Dolomitas<\/strong>, el <strong>Valle de Aosta <\/strong>y <strong>Cortina d\u2019Ampezzo<\/strong> son imprescindibles.<\/p>\n\n\n\n<h2 class=\"wp-block-heading\" id=\"comer-y-beber\"><strong>Comer y beber<\/strong><\/h2>\n\n\n\n<p>En Francia, nada reconforta m\u00e1s que una<em> <\/em><strong><em>fondue savoyarde<\/em><\/strong> acompa\u00f1ada de vinos de Mondeuse o Roussette. En Meg\u00e8ve, el estrella Michelin, <strong>La Table de l\u2019Alpaga<\/strong>, invita a darse un capricho con un buen <a href=\"https:\/\/www.bodeboca.com\/vino\/francia\/jura?utm_source=blog&amp;utm_medium=referral&amp;utm_campaign=destinosliquidoslosalpes\" target=\"_blank\" rel=\"noopener\" title=\"vin jaune del Jura\">vin jaun<\/a><a href=\"https:\/\/www.bodeboca.com\/vino\/francia\/jura?utm_source=blog&amp;utm_medium=referral&amp;utm_campaign=destinosliquidoslosalpes\" title=\"vin jaune del Jura\">e del Jura<\/a>.&nbsp;<\/p>\n\n\n\n<p>Contin\u00faa tu <em>trip<\/em> sibarita con la<strong> <em>raclette<\/em><\/strong> de <em>gruy\u00e8re<\/em> maridada con vinos de Chasselas o Petite arvine. En Zermatt, <strong>Chez Vrony<\/strong> combina tradici\u00f3n alpina y vistas al Matterhorn, mientras que el <strong>Ch\u00e2teau de Villa<\/strong> en Sierre permite catar vinos regionales junto a exquisitos quesos suizos.&nbsp;<\/p>\n\n\n\n<p>Destacadas recetas austriacas son el<em> <\/em><strong><em>wiener schnitzel<\/em><\/strong> o el <em>strudel<\/em> de manzana, junto a vinos de Gr\u00fcner veltliner o Zweigelt. Finalmente, en Italia, la cocina de monta\u00f1a sorprende con <em>canederli<\/em>, <em>polenta<\/em> o <em>speck<\/em>, siempre acompa\u00f1ados con Gew\u00fcrztraminer o Nebbiolo.<\/p>\n\n\n\n<h2 class=\"wp-block-heading\" id=\"viaja-hasta-alli-con-tu-paladar\"><strong>Viaja hasta all\u00ed con tu paladar<\/strong><\/h2>\n\n\n\n<div class=\"wp-block-columns is-layout-flex wp-container-core-columns-layout-1 wp-block-columns-is-layout-flex\">\n<div class=\"wp-block-column is-layout-flow wp-block-column-is-layout-flow\" style=\"flex-basis:33.33%\"><div class=\"wp-block-image is-resized\">\n<figure class=\"aligncenter size-full\"><a href=\"https:\/\/www.bodeboca.com\/vino\/montbourgeau-letoile-savagnin-2018?utm_source=blog&amp;utm_medium=referral&amp;utm_campaign=destinosliquidoslosalpes\"><img loading=\"lazy\" decoding=\"async\" width=\"353\" height=\"560\" src=\"https:\/\/www.bodeboca.com\/blog\/wp-content\/uploads\/2025\/11\/bot-domaine-de-montbourgeau-etoile-savagnin-2018_0.png\" alt=\"\" class=\"wp-image-58873\"\/><\/a><figcaption class=\"wp-element-caption\"><a href=\"https:\/\/www.bodeboca.com\/vino\/montbourgeau-letoile-savagnin-2018?utm_source=blog&amp;utm_medium=referral&amp;utm_campaign=destinosliquidoslosalpes\" title=\"\">Domaine de Montbourgeau L&#8217;Etoile Savagnin 2018<\/a><a href=\"https:\/\/www.bodeboca.com\/vino\/meandro-do-vale-meao-2019?utm_source=blog&amp;utm_medium=referral&amp;utm_campaign=destinosliquidosdouro\" target=\"_blank\" rel=\"noopener\" title=\"Domaine de Montbourgeau L'Etoile Savagnin 2018\"><br><\/a><\/figcaption><\/figure><\/div><\/div>\n\n\n\n<div class=\"wp-block-column is-vertically-aligned-center is-layout-flow wp-block-column-is-layout-flow\" style=\"flex-basis:66.66%\">\n<p>Esta casa es un aut\u00e9ntico<br>referente en el Jura, una de<br>las regiones vin\u00edcolas m\u00e1s<br>reconocidas por la comunidad<br><em>winelover<\/em> de todo el mundo. En<br>este blanco muestran todo el<br>potencial de la variedad aut\u00f3c<br>tona Savagnin. Cuenta con una<br>producci\u00f3n limitada y destaca<br>por su elegancia y un paso por<br>boca vibrante.<\/p>\n\n\n\n<p class=\"has-text-align-center\"><\/p>\n<\/div>\n<\/div>\n\n\n\n<div class=\"wp-block-columns is-layout-flex wp-container-core-columns-layout-2 wp-block-columns-is-layout-flex\">\n<div class=\"wp-block-column is-vertically-aligned-center is-layout-flow wp-block-column-is-layout-flow\" style=\"flex-basis:66.66%\">\n<p class=\"has-text-align-center\">Vino elaborado con la<br>variedad local Amigne, que en<br>lat\u00edn significa \u201camable\u201d. Una<br>uva aut\u00f3ctona muy minoritaria<br>del cant\u00f3n de Valais que se<br>cultiva principalmente en la<br>localidad de V\u00e9troz, por lo que<br>se suele encontrar siempre en<br>las etiquetas como Amigne de<br>V\u00e9troz.<\/p>\n<\/div>\n\n\n\n<div class=\"wp-block-column is-layout-flow wp-block-column-is-layout-flow\" style=\"flex-basis:33.33%\"><div class=\"wp-block-image\">\n<figure class=\"aligncenter size-full\"><a href=\"https:\/\/www.bodeboca.com\/vino\/amigne-vetroz-grand-cru-bio-burgeon-2017?utm_source=blog&amp;utm_medium=referral&amp;utm_campaign=destinosliquidoslosalpes\"><img loading=\"lazy\" decoding=\"async\" width=\"353\" height=\"560\" src=\"https:\/\/www.bodeboca.com\/blog\/wp-content\/uploads\/2025\/11\/bot-amigne-de-vetroz-grand-cru-2016_0.jpg\" alt=\"\" class=\"wp-image-58875\"\/><\/a><figcaption class=\"wp-element-caption\"><a href=\"https:\/\/www.bodeboca.com\/vino\/amigne-vetroz-grand-cru-bio-burgeon-2017?utm_source=blog&amp;utm_medium=referral&amp;utm_campaign=destinosliquidoslosalpes\" title=\"\">Amigne de V\u00e9troz Grand Cru Bio Burgeon 2017<\/a><\/figcaption><\/figure><\/div><\/div>\n<\/div>\n\n\n\n<div class=\"wp-block-columns is-layout-flex wp-container-core-columns-layout-3 wp-block-columns-is-layout-flex\">\n<div class=\"wp-block-column is-layout-flow wp-block-column-is-layout-flow\" style=\"flex-basis:33.33%\"><div class=\"wp-block-image\">\n<figure class=\"aligncenter size-full\"><a href=\"https:\/\/www.bodeboca.com\/vino\/weinrieder-gruner-veltliner-alte-reben-2020?utm_source=blog&amp;utm_medium=referral&amp;utm_campaign=destinosliquidoslosalpes\"><img loading=\"lazy\" decoding=\"async\" width=\"353\" height=\"560\" src=\"https:\/\/www.bodeboca.com\/blog\/wp-content\/uploads\/2025\/11\/bot-weinrieder-gruner-veltliner-alte-reben-2017_1_0.jpg\" alt=\"\" class=\"wp-image-58877\"\/><\/a><figcaption class=\"wp-element-caption\"><a href=\"https:\/\/www.bodeboca.com\/vino\/weinrieder-gruner-veltliner-alte-reben-2020?utm_source=blog&amp;utm_medium=referral&amp;utm_campaign=destinosliquidoslosalpes\" title=\"\">Weinrieder Gr\u00fcner Veltliner Alte Reben 2020<\/a><\/figcaption><\/figure><\/div><\/div>\n\n\n\n<div class=\"wp-block-column is-vertically-aligned-center is-layout-flow wp-block-column-is-layout-flow\" style=\"flex-basis:66.66%\">\n<p>Blanco complejo, jugoso,<br>mineral y de final largo,<br>elaborado por completo con<br>la variedad Gr\u00fcner veltliner.<br>Los vi\u00f1edos que dan origen<br>a este vino est\u00e1n situados<br>en el centro de la regi\u00f3n de<br>Weinviertel, la zona vitivin\u00edcola<br>m\u00e1s importante y grande de<br>Austria.<\/p>\n<\/div>\n<\/div>\n\n\n\n<div class=\"wp-block-columns is-layout-flex wp-container-core-columns-layout-4 wp-block-columns-is-layout-flex\">\n<div class=\"wp-block-column is-vertically-aligned-center is-layout-flow wp-block-column-is-layout-flow\" style=\"flex-basis:66.66%\">\n<p>La Gew\u00fcrztraminer, adem\u00e1s<br>de ser la variedad de uva m\u00e1s<br>representativa del Tirol del<br>Sur, es perfecta si lo que se<br>busca es frescura e intensidad<br>arom\u00e1tica. Este vino de Abbazia<br>di Novacella es un Alto Adige<br>Valle Isarco DOC potente, pleno<br>y persistente que sorprende por<br>su variado bouquet con notas<br>de flores, lichi y especias.<\/p>\n<\/div>\n\n\n\n<div class=\"wp-block-column is-layout-flow wp-block-column-is-layout-flow\" style=\"flex-basis:33.33%\"><div class=\"wp-block-image\">\n<figure class=\"aligncenter size-full is-resized\"><a href=\"https:\/\/www.bodeboca.com\/vino\/abbazia-novacella-gewurztraminer-2023?utm_source=blog&amp;utm_medium=referral&amp;utm_campaign=destinosliquidoslosalpes\"><img loading=\"lazy\" decoding=\"async\" width=\"353\" height=\"560\" src=\"https:\/\/www.bodeboca.com\/blog\/wp-content\/uploads\/2025\/11\/bot-abbaziadinovacella-gewurztraminer-2022.png\" alt=\"\" class=\"wp-image-58893\" style=\"width:277px;height:auto\"\/><\/a><figcaption class=\"wp-element-caption\"><a href=\"https:\/\/www.bodeboca.com\/vino\/abbazia-novacella-gewurztraminer-2023?utm_source=blog&amp;utm_medium=referral&amp;utm_campaign=destinosliquidoslosalpes\" title=\"\">Abbazia di Novacella Gew\u00fcrztraminer 2023<\/a><\/figcaption><\/figure><\/div><\/div>\n<\/div>\n<div id=\"themify_builder_content-58867\" data-postid=\"58867\" class=\"themify_builder_content themify_builder_content-58867 themify_builder themify_builder_front\">\n\t<\/div>\n<!-- \/themify_builder_content -->","protected":false},"excerpt":{"rendered":"<p>Los Alpes ofrecen mucho m\u00e1s que nieve: entre paisajes imponentes nace una ruta vin\u00edcola donde la naturaleza, la gastronom\u00eda y el vino se unen para crear un viaje inolvidable.<\/p>\n","protected":false},"author":52,"featured_media":58933,"comment_status":"open","ping_status":"closed","sticky":false,"template":"","format":"standard","meta":{"footnotes":""},"categories":[4694,1749],"tags":[1055,33,51,2631,9769,2325,2831,409,9767,498,5891,2767,634,47,9771,9765,286,41,5240],"aioseo_notices":[],"_links":{"self":[{"href":"https:\/\/www.bodeboca.com\/blog\/wp-json\/wp\/v2\/posts\/58867"}],"collection":[{"href":"https:\/\/www.bodeboca.com\/blog\/wp-json\/wp\/v2\/posts"}],"about":[{"href":"https:\/\/www.bodeboca.com\/blog\/wp-json\/wp\/v2\/types\/post"}],"author":[{"embeddable":true,"href":"https:\/\/www.bodeboca.com\/blog\/wp-json\/wp\/v2\/users\/52"}],"replies":[{"embeddable":true,"href":"https:\/\/www.bodeboca.com\/blog\/wp-json\/wp\/v2\/comments?post=58867"}],"version-history":[{"count":19,"href":"https:\/\/www.bodeboca.com\/blog\/wp-json\/wp\/v2\/posts\/58867\/revisions"}],"predecessor-version":[{"id":59303,"href":"https:\/\/www.bodeboca.com\/blog\/wp-json\/wp\/v2\/posts\/58867\/revisions\/59303"}],"wp:featuredmedia":[{"embeddable":true,"href":"https:\/\/www.bodeboca.com\/blog\/wp-json\/wp\/v2\/media\/58933"}],"wp:attachment":[{"href":"https:\/\/www.bodeboca.com\/blog\/wp-json\/wp\/v2\/media?parent=58867"}],"wp:term":[{"taxonomy":"category","embeddable":true,"href":"https:\/\/www.bodeboca.com\/blog\/wp-json\/wp\/v2\/categories?post=58867"},{"taxonomy":"post_tag","embeddable":true,"href":"https:\/\/www.bodeboca.com\/blog\/wp-json\/wp\/v2\/tags?post=58867"}],"curies":[{"name":"wp","href":"https:\/\/api.w.org\/{rel}","templated":true}]}}