{"id":58291,"date":"2025-10-31T09:55:27","date_gmt":"2025-10-31T07:55:27","guid":{"rendered":"https:\/\/www.bodeboca.com\/blog\/?p=58291"},"modified":"2025-12-18T11:40:43","modified_gmt":"2025-12-18T09:40:43","slug":"podcast-numanthia","status":"publish","type":"post","link":"https:\/\/www.bodeboca.com\/blog\/podcast-numanthia\/","title":{"rendered":"Jes\u00fas Jim\u00e9nez y Julio Rodr\u00edguez, Numanthia, en Sala de Cata"},"content":{"rendered":"\n<p><strong><a href=\"https:\/\/www.bodeboca.com\/bodegas\/numanthia?utm_campaign=podcast-numanthia&amp;utm_medium=referral&amp;utm_source=blog\" target=\"_blank\" rel=\"noopener\" title=\"\">Numanthia<\/a><\/strong> fue la primera bodega de <strong><a href=\"https:\/\/www.bodeboca.com\/vino\/espana\/castilla-y-leon\/toro?utm_campaign=podcast-numanthia&amp;utm_medium=referral&amp;utm_source=blog\" target=\"_blank\" rel=\"noopener\" title=\"\">Toro<\/a><\/strong> en conseguir los 100 puntos Parker con <strong><a href=\"http:\/\/bodeboca.com\/vino\/termanthia-2016?utm_campaign=podcast-numanthia&amp;utm_medium=referral&amp;utm_source=blog\" target=\"_blank\" rel=\"noopener\" title=\"\">Termanthia<\/a><\/strong>, un \u00e9xito que les situ\u00f3 en el punto de mira internacional. 18 a\u00f1os despu\u00e9s de aquel hito viajamos hasta Valdefinjas para conocer la historia de esta regi\u00f3n zamorana y la evoluci\u00f3n del proyecto; desde su fundaci\u00f3n impulsada por la <strong><a href=\"https:\/\/www.bodeboca.com\/bodegas\/vinedos-sierra-cantabria?utm_campaign=podcast-numanthia&amp;utm_medium=referral&amp;utm_source=blog\" target=\"_blank\" rel=\"noopener\" title=\"\">familia Eguren<\/a><\/strong> hasta la adquisici\u00f3n por parte del grupo LVMH en 2008.<\/p>\n\n\n\n<p>Todo ello lo descrubrimos junto a <strong><a href=\"https:\/\/www.instagram.com\/jesus_jimenez_bn\/\" target=\"_blank\" rel=\"noopener\" title=\"\">Jes\u00fas Jim\u00e9nez<\/a><\/strong> (director t\u00e9cnico) y <strong><a href=\"https:\/\/www.instagram.com\/juliorwines\/\" target=\"_blank\" rel=\"noopener\" title=\"\">Julio Rodr\u00edguez<\/a><\/strong> (director general), quienes est\u00e1n liderando la visi\u00f3n de futuro de la compa\u00f1\u00eda con un estilo moderno que no pierde de vista la identidad de su origen, su vi\u00f1a y su suelo.&nbsp;<\/p>\n\n\n\n<p>Esc\u00fachalo en&nbsp;<strong><a href=\"https:\/\/open.spotify.com\/episode\/5iyWwBh5KwwsrahX9XaGvA?si=E8AKgtlTTeagJEE2Frf5JA\" target=\"_blank\" rel=\"noopener\" title=\"\">Spotify<\/a><\/strong><br>Esc\u00fachalo en&nbsp;<strong><a href=\"https:\/\/go.ivoox.com\/rf\/161632940\" target=\"_blank\" rel=\"noopener\" title=\"\">iVoox<\/a><\/strong><br>Esc\u00fachalo en&nbsp;<strong><a href=\"https:\/\/go.ivoox.com\/rf\/161632940\" target=\"_blank\" rel=\"noopener\" title=\"\">Apple Podcast<\/a><\/strong><\/p>\n\n\n\n<figure class=\"wp-block-gallery has-nested-images columns-default is-cropped wp-block-gallery-1 is-layout-flex wp-block-gallery-is-layout-flex\">\n<figure class=\"wp-block-image size-large\"><img loading=\"lazy\" decoding=\"async\" width=\"439\" height=\"585\" data-id=\"58297\" src=\"https:\/\/www.bodeboca.com\/blog\/wp-content\/uploads\/2025\/10\/IMG_4848-439x585.jpg\" alt=\"Vi\u00f1edo prefilox\u00e9rico de Numanthia\" class=\"wp-image-58297\" srcset=\"https:\/\/www.bodeboca.com\/blog\/wp-content\/uploads\/2025\/10\/IMG_4848-439x585.jpg 439w, https:\/\/www.bodeboca.com\/blog\/wp-content\/uploads\/2025\/10\/IMG_4848-768x1024.jpg 768w, https:\/\/www.bodeboca.com\/blog\/wp-content\/uploads\/2025\/10\/IMG_4848-1152x1536.jpg 1152w, https:\/\/www.bodeboca.com\/blog\/wp-content\/uploads\/2025\/10\/IMG_4848-1536x2048.jpg 1536w, https:\/\/www.bodeboca.com\/blog\/wp-content\/uploads\/2025\/10\/IMG_4848-scaled.jpg 1920w\" sizes=\"(max-width: 439px) 100vw, 439px\" \/><figcaption class=\"wp-element-caption\">Vi\u00f1edo prefilox\u00e9rico<\/figcaption><\/figure>\n\n\n\n<figure class=\"wp-block-image size-large\"><img loading=\"lazy\" decoding=\"async\" width=\"439\" height=\"585\" data-id=\"58293\" src=\"https:\/\/www.bodeboca.com\/blog\/wp-content\/uploads\/2025\/10\/IMG_4886-439x585.jpg\" alt=\"Jes\u00fas Jim\u00e9nez y Julio Rodr\u00edguez en Sala de Cata\" class=\"wp-image-58293\" srcset=\"https:\/\/www.bodeboca.com\/blog\/wp-content\/uploads\/2025\/10\/IMG_4886-439x585.jpg 439w, https:\/\/www.bodeboca.com\/blog\/wp-content\/uploads\/2025\/10\/IMG_4886-768x1024.jpg 768w, https:\/\/www.bodeboca.com\/blog\/wp-content\/uploads\/2025\/10\/IMG_4886-1152x1536.jpg 1152w, https:\/\/www.bodeboca.com\/blog\/wp-content\/uploads\/2025\/10\/IMG_4886-1536x2048.jpg 1536w, https:\/\/www.bodeboca.com\/blog\/wp-content\/uploads\/2025\/10\/IMG_4886-scaled.jpg 1920w\" sizes=\"(max-width: 439px) 100vw, 439px\" \/><figcaption class=\"wp-element-caption\">Jes\u00fas Jim\u00e9nez y Julio Rodr\u00edguez<\/figcaption><\/figure>\n\n\n\n<figure class=\"wp-block-image size-large\"><img loading=\"lazy\" decoding=\"async\" width=\"439\" height=\"585\" data-id=\"58295\" src=\"https:\/\/www.bodeboca.com\/blog\/wp-content\/uploads\/2025\/10\/IMG_4888-439x585.jpg\" alt=\"Botellas de Numanthia y Termanthia\" class=\"wp-image-58295\" srcset=\"https:\/\/www.bodeboca.com\/blog\/wp-content\/uploads\/2025\/10\/IMG_4888-439x585.jpg 439w, https:\/\/www.bodeboca.com\/blog\/wp-content\/uploads\/2025\/10\/IMG_4888-768x1024.jpg 768w, https:\/\/www.bodeboca.com\/blog\/wp-content\/uploads\/2025\/10\/IMG_4888-1152x1536.jpg 1152w, https:\/\/www.bodeboca.com\/blog\/wp-content\/uploads\/2025\/10\/IMG_4888-1536x2048.jpg 1536w, https:\/\/www.bodeboca.com\/blog\/wp-content\/uploads\/2025\/10\/IMG_4888-scaled.jpg 1920w\" sizes=\"(max-width: 439px) 100vw, 439px\" \/><figcaption class=\"wp-element-caption\">Botellas de Numanthia y Termanthia<\/figcaption><\/figure>\n<\/figure>\n\n\n\n<p><br><\/p>\n<div id=\"themify_builder_content-58291\" data-postid=\"58291\" class=\"themify_builder_content themify_builder_content-58291 themify_builder themify_builder_front\">\n\t<\/div>\n<!-- \/themify_builder_content -->","protected":false},"excerpt":{"rendered":"<p>Nos vamos a Valdefinjas (Zamora) para charlar con el director t\u00e9cnico y el director general de la primera bodega de Toro en conseguir los 100 puntos Parker.<\/p>\n","protected":false},"author":27,"featured_media":58299,"comment_status":"open","ping_status":"closed","sticky":false,"template":"","format":"standard","meta":{"footnotes":""},"categories":[5111,9519],"tags":[8887,33,847,245,3698,5189,5159,9679,9681,244,41,670,5900,5177],"aioseo_notices":[],"_links":{"self":[{"href":"https:\/\/www.bodeboca.com\/blog\/wp-json\/wp\/v2\/posts\/58291"}],"collection":[{"href":"https:\/\/www.bodeboca.com\/blog\/wp-json\/wp\/v2\/posts"}],"about":[{"href":"https:\/\/www.bodeboca.com\/blog\/wp-json\/wp\/v2\/types\/post"}],"author":[{"embeddable":true,"href":"https:\/\/www.bodeboca.com\/blog\/wp-json\/wp\/v2\/users\/27"}],"replies":[{"embeddable":true,"href":"https:\/\/www.bodeboca.com\/blog\/wp-json\/wp\/v2\/comments?post=58291"}],"version-history":[{"count":7,"href":"https:\/\/www.bodeboca.com\/blog\/wp-json\/wp\/v2\/posts\/58291\/revisions"}],"predecessor-version":[{"id":60013,"href":"https:\/\/www.bodeboca.com\/blog\/wp-json\/wp\/v2\/posts\/58291\/revisions\/60013"}],"wp:featuredmedia":[{"embeddable":true,"href":"https:\/\/www.bodeboca.com\/blog\/wp-json\/wp\/v2\/media\/58299"}],"wp:attachment":[{"href":"https:\/\/www.bodeboca.com\/blog\/wp-json\/wp\/v2\/media?parent=58291"}],"wp:term":[{"taxonomy":"category","embeddable":true,"href":"https:\/\/www.bodeboca.com\/blog\/wp-json\/wp\/v2\/categories?post=58291"},{"taxonomy":"post_tag","embeddable":true,"href":"https:\/\/www.bodeboca.com\/blog\/wp-json\/wp\/v2\/tags?post=58291"}],"curies":[{"name":"wp","href":"https:\/\/api.w.org\/{rel}","templated":true}]}}