{"id":57955,"date":"2025-10-17T15:17:53","date_gmt":"2025-10-17T13:17:53","guid":{"rendered":"https:\/\/www.bodeboca.com\/blog\/?p=57955"},"modified":"2025-10-20T18:27:48","modified_gmt":"2025-10-20T16:27:48","slug":"art-laieta-la-nueva-identidad-de-alta-alella","status":"publish","type":"post","link":"https:\/\/www.bodeboca.com\/blog\/art-laieta-la-nueva-identidad-de-alta-alella\/","title":{"rendered":"Art Laiet\u00e0, la nueva identidad de Alta Alella"},"content":{"rendered":"\n<p>\u201cEmpezamos como un <em>hobby <\/em>y se ha convertido en nuestro estilo de vida\u201d. Con este pre\u00e1mbulo <strong>Mireia Pujol-Busquets<\/strong> presentaba, el pasado 14 de octubre, <strong><a href=\"https:\/\/www.bodeboca.com\/bodegas\/art-laieta-alta-alella?utm_source=blog&amp;utm_medium=referral&amp;utm_campaign=artlaieta\" target=\"_blank\" rel=\"noopener\" title=\"\">Art Laiet\u00e0<\/a><\/strong>, la nueva identidad de <strong>Alta Alella<\/strong>, bodega fundada en 1990 por su padre <strong>Josep Maria Pujol-Busquets<\/strong>.&nbsp;<\/p>\n\n\n\n<p>El nombre, que a partir de ahora definir\u00e1 a la casa y englobar\u00e1 todos sus proyectos presentes y futuros, supone tambi\u00e9n, como detallaba su directora t\u00e9cnica y segunda generaci\u00f3n familiar, \u201cun homenaje a nuestro legado. <strong>Alella<\/strong> a d\u00eda de hoy es la D.O. m\u00e1s peque\u00f1a de Espa\u00f1a pero su historia se remonta a la \u00e9poca romana, donde los iberos de la zona eran los <em><strong>laietans <\/strong><\/em>(layetanos en castellano). Y es ese concepto el que nos conecta con el inicio de la viticultura en nuestra tierra\u201d.&nbsp;<\/p>\n\n\n<div class=\"wp-block-image\">\n<figure class=\"alignright size-large is-resized\"><img loading=\"lazy\" decoding=\"async\" width=\"858\" height=\"585\" src=\"https:\/\/www.bodeboca.com\/blog\/wp-content\/uploads\/2025\/10\/9.-Finca-Barcelona-RET-858x585.jpg\" alt=\"Finca Can Genis de Art Laiet\u00e0 d' Alta Alella\" class=\"wp-image-58023\" style=\"width:505px;height:auto\" srcset=\"https:\/\/www.bodeboca.com\/blog\/wp-content\/uploads\/2025\/10\/9.-Finca-Barcelona-RET-858x585.jpg 858w, https:\/\/www.bodeboca.com\/blog\/wp-content\/uploads\/2025\/10\/9.-Finca-Barcelona-RET-768x523.jpg 768w, https:\/\/www.bodeboca.com\/blog\/wp-content\/uploads\/2025\/10\/9.-Finca-Barcelona-RET-1536x1047.jpg 1536w, https:\/\/www.bodeboca.com\/blog\/wp-content\/uploads\/2025\/10\/9.-Finca-Barcelona-RET-2048x1396.jpg 2048w\" sizes=\"(max-width: 858px) 100vw, 858px\" \/><figcaption class=\"wp-element-caption\">Finca Can Genis de Art Laiet\u00e0 d&#8217; Alta Alella<\/figcaption><\/figure><\/div>\n\n\n<p><strong>Artesan\u00eda<\/strong> y <strong>origen <\/strong>son los dos pilares que vertebran Art Laiet\u00e0. La propiedad de la familia Pujol-Busquets comprende 68 hect\u00e1reas de vi\u00f1edo entre las localidades de Alella y Tiana, <strong>a tan solo 12 kil\u00f3metros de Barcelona<\/strong>, en pleno coraz\u00f3n del Parque Natural de la Serralada de Marina. Las cepas, orientadas en su totalidad al cercano mar Mediterr\u00e1neo \u201cpara tener mejor insolaci\u00f3n y exposici\u00f3n a la marinada\u201d, hunden sus ra\u00edces en suelos de <strong>saul\u00f3<\/strong> \u2014arena y granito descompuesto\u2014 prestando una <strong>acidez natural <\/strong>y mucho <strong>frescor <\/strong>a sus vinos, elaborados bajo las denominaciones de la ya citada Alella y <a href=\"https:\/\/www.bodeboca.com\/vino\/espana\/espana\/cava?utm_source=blog&amp;utm_medium=referral&amp;utm_campaign=artlaieta\" target=\"_blank\" rel=\"noopener\" title=\"\"><strong>Cava<\/strong><\/a>.\u00a0<\/p>\n\n\n\n<p>\u201cCon la nueva identidad queremos recuperar este territorio y conectar con el oficio, con el arte de hacer vino\u201d, apuntaba Mireia. En esa misma l\u00ednea se pronunciaba su padre, fundador y copropietario, Josep Mar\u00eda Pujol-Busquets, quien a\u00f1ad\u00eda que \u201cno es un punto y aparte, sino la continuidad de una forma de hacer basada en la <strong>personalidad<\/strong>, la <strong>sostenibilidad <\/strong>y la <strong>autenticidad<\/strong>\u201d.<\/p>\n\n\n\n<p>Y es que, precisamente, la nueva etapa iniciada con Art Laiet\u00e0 coincide adem\u00e1s con dos grandes celebraciones para la bodega. La primera este 2025 de<strong> 20 vendimias sin sulfitos<\/strong>, un hito reconocido recientemente con el<strong> Premio a la Mejor Iniciativa Joven<\/strong> en los <a href=\"https:\/\/www.bbva.com\/es\/es\/sostenibilidad\/bbva-premia-a-productores-de-ocho-comunidades-autonomas-y-visibiliza-la-labor-del-medio-rural\/\" target=\"_blank\" rel=\"noopener\" title=\"\"><strong>Premios BBVA a los Mejores Productores Sostenibles<\/strong><\/a>. La segunda, el pr\u00f3ximo 2026, ser\u00e1 el <strong>20 aniversario del lanzamiento de <\/strong><a href=\"https:\/\/www.bodeboca.com\/vino\/alta-alella-bruant-2022?utm_source=blog&amp;utm_medium=referral&amp;utm_campaign=artlaieta\" target=\"_blank\" rel=\"noopener\" title=\"\"><strong>Bruant<\/strong>, el primer cava elaborado sin sulfitos en Espa\u00f1a<\/a>. \u201cHacer vinos sin sulfitos fue una apuesta arriesgada, pero creemos que el futuro del vino pasa por la <strong>transparencia <\/strong>y la <strong>m\u00ednima intervenci\u00f3n<\/strong>\u201d, recordaba Mireia, asegurando que \u201choy, estos vinos son el mejor reflejo de nuestra manera de trabajar y de nuestro territorio\u201d.&nbsp;<\/p>\n\n\n\n<h2 class=\"wp-block-heading\">Vendimia 2025 en Art Laiet\u00e0<\/h2>\n\n\n\n<p>La presentaci\u00f3n de la nueva identidad de Art Laiet\u00e0, su logotipo y etiquetas renovadas, tambi\u00e9n sirvi\u00f3 para adelantar las primeras pinceladas de la a\u00f1ada 2025, recientemente concluida. \u201cHa sido <strong>una vendimia brutal<\/strong>, y en nuestra zona va a ser <strong>una a\u00f1ada excepcional<\/strong>. En nuestro caso nos va a servir para poder rehacer nuestros <em>stocks<\/em>\u201d, relat\u00f3 Josep Mar\u00eda, quien adelant\u00f3 la llegada de \u201cvinos estupendos y sanos de un a\u00f1o como los de antes, en los que hemos recuperado la t\u00edpica lluvia del Maresme, torrencial cada tres semanas\u201d.&nbsp;<\/p>\n\n\n\n<figure class=\"wp-block-gallery has-nested-images columns-default is-cropped wp-block-gallery-1 is-layout-flex wp-block-gallery-is-layout-flex\">\n<figure class=\"wp-block-image size-large\"><img loading=\"lazy\" decoding=\"async\" width=\"878\" height=\"585\" data-id=\"58019\" src=\"https:\/\/www.bodeboca.com\/blog\/wp-content\/uploads\/2025\/10\/7.-Verema-2025-Art-Laieta-878x585.jpg\" alt=\"Vendima 2025 en Art Laiet\u00e0 d' Alta Alella\" class=\"wp-image-58019\" srcset=\"https:\/\/www.bodeboca.com\/blog\/wp-content\/uploads\/2025\/10\/7.-Verema-2025-Art-Laieta-878x585.jpg 878w, https:\/\/www.bodeboca.com\/blog\/wp-content\/uploads\/2025\/10\/7.-Verema-2025-Art-Laieta-768x512.jpg 768w, https:\/\/www.bodeboca.com\/blog\/wp-content\/uploads\/2025\/10\/7.-Verema-2025-Art-Laieta-1536x1024.jpg 1536w, https:\/\/www.bodeboca.com\/blog\/wp-content\/uploads\/2025\/10\/7.-Verema-2025-Art-Laieta-2048x1365.jpg 2048w\" sizes=\"(max-width: 878px) 100vw, 878px\" \/><figcaption class=\"wp-element-caption\">Vendima 2025 en Art Laiet\u00e0 d&#8217; Alta Alella<\/figcaption><\/figure>\n\n\n\n<figure class=\"wp-block-image size-large\"><img loading=\"lazy\" decoding=\"async\" width=\"878\" height=\"585\" data-id=\"58025\" src=\"https:\/\/www.bodeboca.com\/blog\/wp-content\/uploads\/2025\/10\/AA_2_1_gat08678-878x585.jpg\" alt=\"Un momento de la vendimia 2025 en el vi\u00f1edo de Art Laiet\u00e0 \" class=\"wp-image-58025\" srcset=\"https:\/\/www.bodeboca.com\/blog\/wp-content\/uploads\/2025\/10\/AA_2_1_gat08678-878x585.jpg 878w, https:\/\/www.bodeboca.com\/blog\/wp-content\/uploads\/2025\/10\/AA_2_1_gat08678-768x512.jpg 768w, https:\/\/www.bodeboca.com\/blog\/wp-content\/uploads\/2025\/10\/AA_2_1_gat08678-1536x1024.jpg 1536w, https:\/\/www.bodeboca.com\/blog\/wp-content\/uploads\/2025\/10\/AA_2_1_gat08678-2048x1365.jpg 2048w\" sizes=\"(max-width: 878px) 100vw, 878px\" \/><figcaption class=\"wp-element-caption\">Un momento de la vendimia 2025 en el vi\u00f1edo de Art Laiet\u00e0 <\/figcaption><\/figure>\n\n\n\n<figure class=\"wp-block-image size-large\"><img loading=\"lazy\" decoding=\"async\" width=\"744\" height=\"585\" data-id=\"58021\" src=\"https:\/\/www.bodeboca.com\/blog\/wp-content\/uploads\/2025\/10\/8.-Verema-2025_Taula-de-seleccio-Alta-Alella-744x585.jpg\" alt=\"Mesa de selecci\u00f3n durante la vendimia 2025 de Art Laiet\u00e0 d' Alta Alella\" class=\"wp-image-58021\" srcset=\"https:\/\/www.bodeboca.com\/blog\/wp-content\/uploads\/2025\/10\/8.-Verema-2025_Taula-de-seleccio-Alta-Alella-744x585.jpg 744w, https:\/\/www.bodeboca.com\/blog\/wp-content\/uploads\/2025\/10\/8.-Verema-2025_Taula-de-seleccio-Alta-Alella-768x604.jpg 768w, https:\/\/www.bodeboca.com\/blog\/wp-content\/uploads\/2025\/10\/8.-Verema-2025_Taula-de-seleccio-Alta-Alella-1536x1208.jpg 1536w, https:\/\/www.bodeboca.com\/blog\/wp-content\/uploads\/2025\/10\/8.-Verema-2025_Taula-de-seleccio-Alta-Alella.jpg 2000w\" sizes=\"(max-width: 744px) 100vw, 744px\" \/><figcaption class=\"wp-element-caption\">Mesa de selecci\u00f3n durante la vendimia 2025 de Art Laiet\u00e0 d&#8217; Alta Alella<\/figcaption><\/figure>\n<\/figure>\n\n\n\n<p><\/p>\n\n\n\n<p>Como adelanto de este excelente augurio el acto incluy\u00f3 una <strong>espectacular cata <\/strong>con los vinos base de 2025, reci\u00e9n sacados de dep\u00f3sito, y sus correspondientes cavas y vinos tranquilos ya en el mercado.<\/p>\n\n\n\n<figure class=\"wp-block-gallery alignleft has-nested-images columns-default is-cropped wp-block-gallery-2 is-layout-flex wp-block-gallery-is-layout-flex\">\n<figure class=\"wp-block-image size-large is-style-default\"><img loading=\"lazy\" decoding=\"async\" width=\"911\" height=\"585\" data-id=\"58027\" src=\"https:\/\/www.bodeboca.com\/blog\/wp-content\/uploads\/2025\/10\/Presentacion-de-Art-Laietd-Alta-Alella-911x585.jpg\" alt=\"Presentaci\u00f3n de Art Laiet\u00e0 d' Alta Alella\" class=\"wp-image-58027\" srcset=\"https:\/\/www.bodeboca.com\/blog\/wp-content\/uploads\/2025\/10\/Presentacion-de-Art-Laietd-Alta-Alella-911x585.jpg 911w, https:\/\/www.bodeboca.com\/blog\/wp-content\/uploads\/2025\/10\/Presentacion-de-Art-Laietd-Alta-Alella-768x493.jpg 768w, https:\/\/www.bodeboca.com\/blog\/wp-content\/uploads\/2025\/10\/Presentacion-de-Art-Laietd-Alta-Alella-1536x986.jpg 1536w, https:\/\/www.bodeboca.com\/blog\/wp-content\/uploads\/2025\/10\/Presentacion-de-Art-Laietd-Alta-Alella-2048x1315.jpg 2048w\" sizes=\"(max-width: 911px) 100vw, 911px\" \/><figcaption class=\"wp-element-caption\">Presentaci\u00f3n de Art Laiet\u00e0 d&#8217; Alta Alella<\/figcaption><\/figure>\n\n\n\n<figure class=\"wp-block-image size-large\"><img loading=\"lazy\" decoding=\"async\" width=\"439\" height=\"585\" data-id=\"58029\" src=\"https:\/\/www.bodeboca.com\/blog\/wp-content\/uploads\/2025\/10\/1760704982233-439x585.jpg\" alt=\"Momento de la cata con motivo de la presentaci\u00f3n de Art Laiet\u00e0\" class=\"wp-image-58029\" srcset=\"https:\/\/www.bodeboca.com\/blog\/wp-content\/uploads\/2025\/10\/1760704982233-439x585.jpg 439w, https:\/\/www.bodeboca.com\/blog\/wp-content\/uploads\/2025\/10\/1760704982233-768x1024.jpg 768w, https:\/\/www.bodeboca.com\/blog\/wp-content\/uploads\/2025\/10\/1760704982233-1152x1536.jpg 1152w, https:\/\/www.bodeboca.com\/blog\/wp-content\/uploads\/2025\/10\/1760704982233-1536x2048.jpg 1536w, https:\/\/www.bodeboca.com\/blog\/wp-content\/uploads\/2025\/10\/1760704982233-scaled.jpg 1920w\" sizes=\"(max-width: 439px) 100vw, 439px\" \/><figcaption class=\"wp-element-caption\">Momento de la cata con motivo de la presentaci\u00f3n de Art Laiet\u00e0<\/figcaption><\/figure>\n<\/figure>\n\n\n\n<p>Los cavas <strong><a href=\"https:\/\/www.bodeboca.com\/vino\/alta-alella-mirgin-guarda-superior-reserva-2021?utm_source=blog&amp;utm_medium=referral&amp;utm_campaign=artlaieta\" target=\"_blank\" rel=\"noopener\" title=\"\">Mirgin<\/a><\/strong>, <strong>Laiet\u00e0<\/strong>, <a href=\"https:\/\/www.bodeboca.com\/vino\/alta-alella-mirgin-opus-2020-estuche?utm_source=blog&amp;utm_medium=referral&amp;utm_campaign=artlaieta\" target=\"_blank\" rel=\"noopener\" title=\"\"><strong>Opus<\/strong><\/a>, <strong>Exeo <\/strong>y <strong>Alta Alella 10<\/strong> brillaron junto a los blancos <strong>Cau d\u2019en Gen\u00eds<\/strong> y <strong>Lauinis<\/strong>, su <a href=\"https:\/\/www.bodeboca.com\/vino\/orange-2023?utm_source=blog&amp;utm_medium=referral&amp;utm_campaign=artlaieta\" target=\"_blank\" rel=\"noopener\" title=\"\"><strong>Orange de Pansa blanca<\/strong><\/a>, el tinto <a href=\"https:\/\/www.bodeboca.com\/vino\/merla-2022?utm_source=blog&amp;utm_medium=referral&amp;utm_campaign=artlaieta\" target=\"_blank\" rel=\"noopener\" title=\"\"><strong>Merla<\/strong><\/a> o la pura fruta de <strong>Dol\u00e7 Matar\u00f3<\/strong>. Todos bajo el mismo hilo conductor que, como expres\u00f3 Josep Mar\u00eda, \u201chuye de la regularidad en favor de la <strong>variabilidad del territorio, de la a\u00f1ada y de las variedades<\/strong>\u201d.\u00a0<\/p>\n\n\n\n<p><\/p>\n\n\n\n<p>(*) Foto de cabecera de Jordi Gatell<\/p>\n<div id=\"themify_builder_content-57955\" data-postid=\"57955\" class=\"themify_builder_content themify_builder_content-57955 themify_builder themify_builder_front\">\n\t<\/div>\n<!-- \/themify_builder_content -->","protected":false},"excerpt":{"rendered":"<p>La bodega de la familia Pujol-Busquets present\u00f3 Art Laiet\u00e0, su nuevo nombre bajo el que desarrollar\u00e1 todos sus proyectos vin\u00edcolas presentes y futuros.  <\/p>\n","protected":false},"author":25,"featured_media":58037,"comment_status":"open","ping_status":"closed","sticky":false,"template":"","format":"standard","meta":{"footnotes":""},"categories":[167,1245],"tags":[9629,8513,9625,197,9627,9235,3823],"aioseo_notices":[],"_links":{"self":[{"href":"https:\/\/www.bodeboca.com\/blog\/wp-json\/wp\/v2\/posts\/57955"}],"collection":[{"href":"https:\/\/www.bodeboca.com\/blog\/wp-json\/wp\/v2\/posts"}],"about":[{"href":"https:\/\/www.bodeboca.com\/blog\/wp-json\/wp\/v2\/types\/post"}],"author":[{"embeddable":true,"href":"https:\/\/www.bodeboca.com\/blog\/wp-json\/wp\/v2\/users\/25"}],"replies":[{"embeddable":true,"href":"https:\/\/www.bodeboca.com\/blog\/wp-json\/wp\/v2\/comments?post=57955"}],"version-history":[{"count":8,"href":"https:\/\/www.bodeboca.com\/blog\/wp-json\/wp\/v2\/posts\/57955\/revisions"}],"predecessor-version":[{"id":58099,"href":"https:\/\/www.bodeboca.com\/blog\/wp-json\/wp\/v2\/posts\/57955\/revisions\/58099"}],"wp:featuredmedia":[{"embeddable":true,"href":"https:\/\/www.bodeboca.com\/blog\/wp-json\/wp\/v2\/media\/58037"}],"wp:attachment":[{"href":"https:\/\/www.bodeboca.com\/blog\/wp-json\/wp\/v2\/media?parent=57955"}],"wp:term":[{"taxonomy":"category","embeddable":true,"href":"https:\/\/www.bodeboca.com\/blog\/wp-json\/wp\/v2\/categories?post=57955"},{"taxonomy":"post_tag","embeddable":true,"href":"https:\/\/www.bodeboca.com\/blog\/wp-json\/wp\/v2\/tags?post=57955"}],"curies":[{"name":"wp","href":"https:\/\/api.w.org\/{rel}","templated":true}]}}