{"id":57303,"date":"2025-09-11T09:30:00","date_gmt":"2025-09-11T07:30:00","guid":{"rendered":"https:\/\/www.bodeboca.com\/blog\/?p=57303"},"modified":"2025-09-22T12:55:37","modified_gmt":"2025-09-22T10:55:37","slug":"el-balcon-de-floreano","status":"publish","type":"post","link":"https:\/\/www.bodeboca.com\/blog\/el-balcon-de-floreano\/","title":{"rendered":"Balc\u00f3n de Floreano, parada y fonda en O Grove"},"content":{"rendered":"\n<p>En los \u00faltimos tiempos me estoy aficionando a visitar Galicia, sobre todo las <strong><a href=\"https:\/\/www.bodeboca.com\/vinos\/espana\/galicia\/rias-baixas?utm_source=blog&amp;utm_medium=referral&amp;utm_campaign=balcon-de-floreano\" target=\"_blank\" rel=\"noopener\" title=\"\">R\u00edas Baixas<\/a><\/strong>, la isla de Arousa y las inmediaciones de las R\u00edas Altas. Voy en busca de buenos lugares para descansar, entrenar, dormir bien por las noches y, sobre todo, <strong>disfrutar del buen beber y del mejor yantar<\/strong>.\u00a0<\/p>\n\n\n\n<p>Como no puede ser de otra manera, ya tengo fichados lugares que me hacen sentir bien, sin etiquetas ni protocolos, sitios estupendos para gozar del verano. Me voy a centrar un poco m\u00e1s en uno de ellos, y puede que en futuros <em>posts<\/em> haga referencia a algunos otros.&nbsp;<\/p>\n\n\n\n<p>El lugar elegido es el <strong><a href=\"https:\/\/www.facebook.com\/balcondefloreano\/?locale=es_ES\/?utm_source=blog&amp;utm_medium=referral&amp;utm_campaign=balcon-de-floreano\" target=\"_blank\" rel=\"noopener\" title=\"\">Balc\u00f3n de Floreano<\/a><\/strong>, y lo hago por muchas razones, pero sobre todo, por su excelente comida y trato del personal. Antes de entrar en harina hay que se\u00f1alar que el nombre del establecimiento se debe a su ubicaci\u00f3n en una plazuela de O Grove al ladito de la <strong>famosa escultura de Floreano realizada por Lucas M\u00edguez<\/strong>. El \u00abinmortalizado\u00bb es un personaje creado por el dibujante y humorista <strong>Gogue<\/strong>, que en Galicia es una instituci\u00f3n gracias a las vi\u00f1etas que lo inmortalizaron en el diario <em>El Faro de Vigo<\/em>. La terraza del restaurante est\u00e1, literalmente, a cuatro metros, por lo que el amigo Floreano se convierte, casi, en uno m\u00e1s de los comensales.&nbsp;<\/p>\n\n\n\n<p>Una vez puestos en contexto, vamos al turr\u00f3n. Sabido es que la oferta culinaria en las R\u00edas Baixas es tremenda, pero hay veces que se necesitan sitios no s\u00f3lo buenos, sino con buen precio y en los que, como dec\u00eda antes, te sientas como en tu propia casa. En este caser\u00f3n de piedra que sigue el estilo de las casas que encontramos en Cambados y dem\u00e1s pueblos de la zona (se ven menos en O Grove o Sanxenxo, desgraciadamente), vamos a <strong>comer muy bien y a ser mejor tratados a\u00fan; de forma cercana pero nunca invasiva<\/strong>.&nbsp;<\/p>\n\n\n\n<p>Siempre que voy elijo la terraza para ver pasar la tranquila vida de la zona, y eso que est\u00e1 en medio de dos carreteritas que conectan la zona portuaria con el centro de la localidad. Pues a\u00fan as\u00ed, se est\u00e1 tremendamente bien. Nada como comenzar con una buena cervecita para quitar la sed acompa\u00f1ada de una magn\u00edfica raci\u00f3n de <strong>queso D.O. Arzua Ulloa con mermelada de pimientos de Herb\u00f3n<\/strong> y pasar despu\u00e9s a un <a href=\"https:\/\/www.bodeboca.com\/vinos\/espana\/galicia\/rias-baixas?utm_source=blog&amp;utm_medium=referral&amp;utm_campaign=balcon-de-floreano\" target=\"_blank\" rel=\"noopener\" title=\"https:\/\/www.bodeboca.com\/vinos\/espana\/galicia\/rias-baixas\/?utm_source=blog&amp;utm_medium=referral&amp;utm_campaign=balcon-de-floreano\">vino blanco de la tierra<\/a> con unas alb\u00f3ndigas de rape seguidas de lo que, para mi, es la estrella del lugar: <strong>los percebes a la sart\u00e9n<\/strong> que jam\u00e1s hab\u00eda probado preparados de esta manera, y que es una de las puertas que te pasaportan al para\u00edso con ese aporte de aceite de oliva virgen extra que te provoca hacer barquitos con el excelente pan gallego y regresar a la ni\u00f1ez sin pensar en el qu\u00e9 dir\u00e1n.\u00a0\u00a0<\/p>\n\n\n\n<p>Encima, y por si no fuera bastante, en este lugar de esencia gallega la <strong>mezcla con la cocina gaditana<\/strong> se deja sentir, ya que la familia que lo regenta tiene un pie en cada uno de estos puntos de nuestra geograf\u00eda. Esa fusi\u00f3n la sent\u00ed con los percebes anteriores y con sus almejas a la sart\u00e9n, as\u00ed como con la carne mechada de la sierra de C\u00e1diz y las chuletitas de jabal\u00ed al ajillo.<\/p>\n\n\n\n<p>En resumen, <strong>si te dejas caer por la r\u00eda de Pontevedra visita este restaurante <\/strong>en el que, seguro, vas a sentir cosas muy buenas. Eso s\u00ed, cuando termines date un paseito por la l\u00ednea de costa de O Grove hac\u00eda poniente, y en ese ida y vuelta, tranquilo, habr\u00e1s quemado todo, dejando el cuerpo listo para lo que se vendr\u00e1 en posteriores<em> posts<\/em>.<\/p>\n\n\n\n<h2 class=\"wp-block-heading\"><strong>No te pierdas\u2026<\/strong><\/h2>\n\n\n\n<ul>\n<li>No puedes pasar por aqu\u00ed y no probar los percebes a la sart\u00e9n. Eso s\u00ed, hay que tener suerte porque no siempre los tienen.&nbsp;<\/li>\n\n\n\n<li>Cualquiera de los productos que componen su carta, ya que son de la m\u00e1xima calidad, estacando sus cazuelas, pescados y mariscos.&nbsp;&nbsp;<\/li>\n<\/ul>\n\n\n\n<h2 class=\"wp-block-heading\"><strong>Me gusta por\u2026<\/strong><\/h2>\n\n\n\n<ul>\n<li>La profesionalidad y amabilidad de su personal, caracterizado por su eficiencia, amabilidad y buenas recomendaciones.&nbsp;&nbsp;<\/li>\n\n\n\n<li>Porque puedes comer y cenar muy bien a un precio incre\u00edble.<\/li>\n<\/ul>\n\n\n\n<p><\/p>\n\n\n\n<p><strong>Direcci\u00f3n:<\/strong> Praza de Arriba, 11. 36980 O Grove, Pontevedra.&nbsp;<\/p>\n\n\n\n<p><strong>Tel\u00e9fono: <\/strong>610 56 90 21<\/p>\n<div id=\"themify_builder_content-57303\" data-postid=\"57303\" class=\"themify_builder_content themify_builder_content-57303 themify_builder themify_builder_front\">\n\t<\/div>\n<!-- \/themify_builder_content -->","protected":false},"excerpt":{"rendered":"<p>Recomendaci\u00f3n de Alberto Horrillo sobre el restaurante El Balc\u00f3n de Floreano de O Grove para los viajeros que se dirijan a las R\u00edas Baixas. <\/p>\n","protected":false},"author":15,"featured_media":57501,"comment_status":"open","ping_status":"closed","sticky":false,"template":"","format":"standard","meta":{"footnotes":""},"categories":[1959,1749],"tags":[9433,9435,33,9461,9459,9467,9469,121,636,9431,9463,9465,3226,47,1807,3228,41],"aioseo_notices":[],"_links":{"self":[{"href":"https:\/\/www.bodeboca.com\/blog\/wp-json\/wp\/v2\/posts\/57303"}],"collection":[{"href":"https:\/\/www.bodeboca.com\/blog\/wp-json\/wp\/v2\/posts"}],"about":[{"href":"https:\/\/www.bodeboca.com\/blog\/wp-json\/wp\/v2\/types\/post"}],"author":[{"embeddable":true,"href":"https:\/\/www.bodeboca.com\/blog\/wp-json\/wp\/v2\/users\/15"}],"replies":[{"embeddable":true,"href":"https:\/\/www.bodeboca.com\/blog\/wp-json\/wp\/v2\/comments?post=57303"}],"version-history":[{"count":16,"href":"https:\/\/www.bodeboca.com\/blog\/wp-json\/wp\/v2\/posts\/57303\/revisions"}],"predecessor-version":[{"id":57393,"href":"https:\/\/www.bodeboca.com\/blog\/wp-json\/wp\/v2\/posts\/57303\/revisions\/57393"}],"wp:featuredmedia":[{"embeddable":true,"href":"https:\/\/www.bodeboca.com\/blog\/wp-json\/wp\/v2\/media\/57501"}],"wp:attachment":[{"href":"https:\/\/www.bodeboca.com\/blog\/wp-json\/wp\/v2\/media?parent=57303"}],"wp:term":[{"taxonomy":"category","embeddable":true,"href":"https:\/\/www.bodeboca.com\/blog\/wp-json\/wp\/v2\/categories?post=57303"},{"taxonomy":"post_tag","embeddable":true,"href":"https:\/\/www.bodeboca.com\/blog\/wp-json\/wp\/v2\/tags?post=57303"}],"curies":[{"name":"wp","href":"https:\/\/api.w.org\/{rel}","templated":true}]}}