{"id":56853,"date":"2025-07-11T08:31:34","date_gmt":"2025-07-11T06:31:34","guid":{"rendered":"https:\/\/www.bodeboca.com\/blog\/?p=56853"},"modified":"2025-07-11T08:34:20","modified_gmt":"2025-07-11T06:34:20","slug":"juan-jose-otamendi-y-elisa-ludena-el-grifo-en-sala-de-cata","status":"publish","type":"post","link":"https:\/\/www.bodeboca.com\/blog\/juan-jose-otamendi-y-elisa-ludena-el-grifo-en-sala-de-cata\/","title":{"rendered":"Juan Jos\u00e9 Otamendi y Elisa Lude\u00f1a (El Grifo) en &#8216;Sala de Cata&#8217;"},"content":{"rendered":"\n<p>Viajamos a Lanzarote para celebrar el 250 aniversario de <strong><a href=\"https:\/\/www.bodeboca.com\/es\/es\/bodegas\/el-grifo?utm_source=blog&amp;utm_medium=referral&amp;utm_campaign=podcast-el-grifo\" target=\"_blank\" rel=\"noopener\" title=\"\">El Grifo<\/a><\/strong>, una de las bodegas m\u00e1s antiguas de Espa\u00f1a. Conocemos su historia \u2014ligada de forma estrecha a la de la propia isla\u2014 junto a Juan Jos\u00e9 Otamendi y Elisa Lude\u00f1a, propietario y directora t\u00e9cnica respectivamente.&nbsp;<\/p>\n\n\n\n<p>Desciframos la reconversi\u00f3n de su paisaje despu\u00e9s de las erupciones que tuvieron lugar entre 1730 y 1736, dando forma a un nuevo paisaje volc\u00e1nico que trajo consigo la implantaci\u00f3n de la vid como forma de supervivencia para los habitantes locales.<\/p>\n\n\n\n<p>Tambi\u00e9n charlamos de la relaci\u00f3n de la bodega con el artista C\u00e9sar Manrique, el lanzarote\u00f1o m\u00e1s universal que impact\u00f3 de forma notable en el desarrollo y planificaci\u00f3n urban\u00edstica del territorio.<\/p>\n\n\n\n<p>Esc\u00fachalo en <strong><a href=\"https:\/\/open.spotify.com\/episode\/0QKdNuQ7kQCeMOhur1LBtB?si=e4fpQImHQO-yT63NnbQhxw\" target=\"_blank\" rel=\"noopener\" title=\"\">Spotify<\/a><\/strong><br>Esc\u00fachalo en <strong><a href=\"https:\/\/go.ivoox.com\/rf\/152721833\" target=\"_blank\" rel=\"noopener\" title=\"\">iVoox<\/a><\/strong><br>Esc\u00fachalo en <strong><a href=\"https:\/\/podcasts.apple.com\/es\/podcast\/4x22-juan-jos\u00e9-otamendi-y-elisa-lude\u00f1a-el-grifo\/id1600255075?i=1000716789051\" target=\"_blank\" rel=\"noopener\" title=\"\">Apple Podcast<\/a><\/strong><\/p>\n\n\n\n<figure class=\"wp-block-gallery has-nested-images columns-default is-cropped wp-block-gallery-1 is-layout-flex wp-block-gallery-is-layout-flex\">\n<figure class=\"wp-block-image size-large\"><img loading=\"lazy\" decoding=\"async\" width=\"439\" height=\"585\" data-id=\"56873\" src=\"https:\/\/www.bodeboca.com\/blog\/wp-content\/uploads\/2025\/07\/miniformat-blog-439x585.jpeg\" alt=\"\" class=\"wp-image-56873\" srcset=\"https:\/\/www.bodeboca.com\/blog\/wp-content\/uploads\/2025\/07\/miniformat-blog-439x585.jpeg 439w, https:\/\/www.bodeboca.com\/blog\/wp-content\/uploads\/2025\/07\/miniformat-blog-768x1024.jpeg 768w, https:\/\/www.bodeboca.com\/blog\/wp-content\/uploads\/2025\/07\/miniformat-blog-1152x1536.jpeg 1152w, https:\/\/www.bodeboca.com\/blog\/wp-content\/uploads\/2025\/07\/miniformat-blog-1536x2048.jpeg 1536w, https:\/\/www.bodeboca.com\/blog\/wp-content\/uploads\/2025\/07\/miniformat-blog-scaled.jpeg 1920w\" sizes=\"(max-width: 439px) 100vw, 439px\" \/><\/figure>\n\n\n\n<figure class=\"wp-block-image size-large\"><img loading=\"lazy\" decoding=\"async\" width=\"439\" height=\"585\" data-id=\"56865\" src=\"https:\/\/www.bodeboca.com\/blog\/wp-content\/uploads\/2025\/07\/IMG_8541-439x585.jpeg\" alt=\"\" class=\"wp-image-56865\" srcset=\"https:\/\/www.bodeboca.com\/blog\/wp-content\/uploads\/2025\/07\/IMG_8541-439x585.jpeg 439w, https:\/\/www.bodeboca.com\/blog\/wp-content\/uploads\/2025\/07\/IMG_8541-768x1024.jpeg 768w, https:\/\/www.bodeboca.com\/blog\/wp-content\/uploads\/2025\/07\/IMG_8541-1152x1536.jpeg 1152w, https:\/\/www.bodeboca.com\/blog\/wp-content\/uploads\/2025\/07\/IMG_8541-1536x2048.jpeg 1536w, https:\/\/www.bodeboca.com\/blog\/wp-content\/uploads\/2025\/07\/IMG_8541-scaled.jpeg 1920w\" sizes=\"(max-width: 439px) 100vw, 439px\" \/><\/figure>\n\n\n\n<figure class=\"wp-block-image size-large\"><img loading=\"lazy\" decoding=\"async\" width=\"780\" height=\"585\" data-id=\"56867\" src=\"https:\/\/www.bodeboca.com\/blog\/wp-content\/uploads\/2025\/07\/IMG_8577-780x585.jpeg\" alt=\"\" class=\"wp-image-56867\" srcset=\"https:\/\/www.bodeboca.com\/blog\/wp-content\/uploads\/2025\/07\/IMG_8577-780x585.jpeg 780w, https:\/\/www.bodeboca.com\/blog\/wp-content\/uploads\/2025\/07\/IMG_8577-768x576.jpeg 768w, https:\/\/www.bodeboca.com\/blog\/wp-content\/uploads\/2025\/07\/IMG_8577-1536x1152.jpeg 1536w, https:\/\/www.bodeboca.com\/blog\/wp-content\/uploads\/2025\/07\/IMG_8577-2048x1536.jpeg 2048w\" sizes=\"(max-width: 780px) 100vw, 780px\" \/><\/figure>\n\n\n\n<figure class=\"wp-block-image size-large\"><img loading=\"lazy\" decoding=\"async\" width=\"780\" height=\"585\" data-id=\"56861\" src=\"https:\/\/www.bodeboca.com\/blog\/wp-content\/uploads\/2025\/07\/IMG_3265-780x585.jpeg\" alt=\"\" class=\"wp-image-56861\" srcset=\"https:\/\/www.bodeboca.com\/blog\/wp-content\/uploads\/2025\/07\/IMG_3265-780x585.jpeg 780w, https:\/\/www.bodeboca.com\/blog\/wp-content\/uploads\/2025\/07\/IMG_3265-768x576.jpeg 768w, https:\/\/www.bodeboca.com\/blog\/wp-content\/uploads\/2025\/07\/IMG_3265-1536x1152.jpeg 1536w, https:\/\/www.bodeboca.com\/blog\/wp-content\/uploads\/2025\/07\/IMG_3265-2048x1536.jpeg 2048w\" sizes=\"(max-width: 780px) 100vw, 780px\" \/><\/figure>\n<\/figure>\n\n\n\n<h2 class=\"wp-block-heading\">Vinos catados durante el episodio<\/h2>\n\n\n\n<p><strong><a href=\"https:\/\/www.bodeboca.com\/es\/es\/vino\/el-grifo-brut-nature-malvasia-volcanica-2022?utm_source=blog&amp;utm_medium=referral&amp;utm_campaign=podcast-el-grifo\" target=\"_blank\" rel=\"noopener\" title=\"\">El Grifo Brut Nature Malvas\u00eda Volc\u00e1nica 2022<\/a><\/strong><\/p>\n\n\n\n<p><strong><a href=\"https:\/\/www.bodeboca.com\/es\/es\/vino\/el-grifo-malvasia-volcanica-lias-2018?utm_source=blog&amp;utm_medium=referral&amp;utm_campaign=podcast-el-grifo\" target=\"_blank\" rel=\"noopener\" title=\"\">El Grifo Malvas\u00eda Volc\u00e1nica L\u00edas 2018<\/a><\/strong><\/p>\n\n\n\n<p><strong><a href=\"https:\/\/www.bodeboca.com\/es\/es\/vino\/el-grifo-ariana-2023?utm_source=blog&amp;utm_medium=referral&amp;utm_campaign=podcast-el-grifo\" target=\"_blank\" rel=\"noopener\" title=\"\">El Grifo Ariana 2023<\/a><\/strong><\/p>\n<div id=\"themify_builder_content-56853\" data-postid=\"56853\" class=\"themify_builder_content themify_builder_content-56853 themify_builder themify_builder_front\">\n\t<\/div>\n<!-- \/themify_builder_content -->","protected":false},"excerpt":{"rendered":"<p>Viajamos a Lanzarote para conocer de primera mano toda la historia de El Grifo, una de las bodegas m\u00e1s antiguas de Espa\u00f1a que celebra su 250 aniversario.<\/p>\n","protected":false},"author":27,"featured_media":56855,"comment_status":"open","ping_status":"closed","sticky":false,"template":"","format":"standard","meta":{"footnotes":""},"categories":[5111,8351],"tags":[9289,2565,9283,9287,9281,4120,5189,5159,41,767,9285,670,5900],"aioseo_notices":[],"_links":{"self":[{"href":"https:\/\/www.bodeboca.com\/blog\/wp-json\/wp\/v2\/posts\/56853"}],"collection":[{"href":"https:\/\/www.bodeboca.com\/blog\/wp-json\/wp\/v2\/posts"}],"about":[{"href":"https:\/\/www.bodeboca.com\/blog\/wp-json\/wp\/v2\/types\/post"}],"author":[{"embeddable":true,"href":"https:\/\/www.bodeboca.com\/blog\/wp-json\/wp\/v2\/users\/27"}],"replies":[{"embeddable":true,"href":"https:\/\/www.bodeboca.com\/blog\/wp-json\/wp\/v2\/comments?post=56853"}],"version-history":[{"count":8,"href":"https:\/\/www.bodeboca.com\/blog\/wp-json\/wp\/v2\/posts\/56853\/revisions"}],"predecessor-version":[{"id":56925,"href":"https:\/\/www.bodeboca.com\/blog\/wp-json\/wp\/v2\/posts\/56853\/revisions\/56925"}],"wp:featuredmedia":[{"embeddable":true,"href":"https:\/\/www.bodeboca.com\/blog\/wp-json\/wp\/v2\/media\/56855"}],"wp:attachment":[{"href":"https:\/\/www.bodeboca.com\/blog\/wp-json\/wp\/v2\/media?parent=56853"}],"wp:term":[{"taxonomy":"category","embeddable":true,"href":"https:\/\/www.bodeboca.com\/blog\/wp-json\/wp\/v2\/categories?post=56853"},{"taxonomy":"post_tag","embeddable":true,"href":"https:\/\/www.bodeboca.com\/blog\/wp-json\/wp\/v2\/tags?post=56853"}],"curies":[{"name":"wp","href":"https:\/\/api.w.org\/{rel}","templated":true}]}}