{"id":5296,"date":"2016-06-29T13:39:40","date_gmt":"2016-06-29T11:39:40","guid":{"rendered":"http:\/\/www.bodeboca.com\/blog\/?p=5296"},"modified":"2024-11-05T17:31:28","modified_gmt":"2024-11-05T15:31:28","slug":"agustitorello","status":"publish","type":"post","link":"https:\/\/www.bodeboca.com\/blog\/agustitorello\/","title":{"rendered":"Entrevista a Agust\u00ed Torell\u00f3 Mata, una de las voces m\u00e1s destacadas del cava"},"content":{"rendered":"<p>Hijo de sastres y m\u00fasicos, se introdujo desde muy joven en el mundo del cava convirti\u00e9ndolo en su pasi\u00f3n y su profesi\u00f3n. En 1979 elabora las primeras botellas de <a href=\"https:\/\/www.bodeboca.com\/vino\/agusti-torello-kripta-gr-brut-nature-2008\"><strong>Kripta\u00a0<\/strong><\/a>y en 1993 nace su marca personal, <a href=\"https:\/\/www.bodeboca.com\/bodegas\/agusti-torello-mata\"><strong>Agust\u00ed Torell\u00f3 Mata<\/strong><\/a>. Hoy nos da en esta entrevista una l\u00facida visi\u00f3n de este espumoso desde la perspectiva de toda una vida dedicada a su elaboraci\u00f3n.<\/p>\n<ol>\n<li><strong>Ha publicado un libro contestando a la pregunta de hacia d\u00f3nde va el cava. \u00bfPodr\u00eda responder a esa cuesti\u00f3n brevemente?<\/strong><\/li>\n<\/ol>\n<p>Brevemente no. Pero el camino pasa forzosamente por la uni\u00f3n del sector.\u00a0 Soy un abnegado defensor de los esfuerzos comunes para reforzar el prestigio conseguido y los productos de m\u00e1s alta calidad. El cava tiene que seguir el rumbo marcado por una filosof\u00eda de trabajo que convierte el Cava en pasi\u00f3n, porque sin ella no hay camino.<\/p>\n<ol start=\"2\">\n<li><strong>\u00bfA qu\u00e9 retos se enfrenta el sector del cava?<\/strong><\/li>\n<\/ol>\n<p>La paradoja del cava es que se enfrenta a s\u00ed mismo, y adem\u00e1s debe enfrentarse a otros pa\u00edses como Italia, que con un producto muy distinto est\u00e1 introduciendo sus espumosos en el mundo. Nos falta sin duda una estrategia de marketing mucho m\u00e1s profunda y extensiva de la que tenemos, y nos falta posiblemente querernos m\u00e1s a nosotros mismos.<\/p>\n<ol start=\"3\">\n<li><strong>En casi 150 a\u00f1os de historia de este vino. \u00bfCu\u00e1les son los principales hitos logrados por el cava?<br \/>\n\u00bfY alguna oportunidad perdida por el camino?<\/strong><\/li>\n<\/ol>\n<p>El cava ha conseguido a trav\u00e9s de los a\u00f1os un producto de alt\u00edsima calidad. Es indiscutible su logro pero nos ha faltado y falta una buena introducci\u00f3n en el mundo. Tenemos que explicar bien las cualidades particulares del cava, su singularidad y revisar su posicionamiento en el mercado.<\/p>\n<p>Su <strong>dispersi\u00f3n geogr\u00e1fica<\/strong> \u2013fruto de un lamentable desconocimiento judicial del cava- fue un grave error para todos. <a href=\"https:\/\/www.bodeboca.com\/vino\/agusti-torello-mata-rosat-trepat-2013\" target=\"_blank\" rel=\"noopener\">La singularidad del cava<\/a> debida a sus tres variedades \u00fanicas en el mundo, solo se dan en la zona de origen tradicional alrededor del Pened\u00e9s, y esto es un hecho incontestable. Puede haber otros espumosos elaborados con otras variedades en otras zonas, buen\u00edsimos y de gran calidad, pero son espumosos distintos al cava y esto no nos ha favorecido.<\/p>\n<ol start=\"4\">\n<li><strong>\u00bfQu\u00e9 opina de la nueva clasificaci\u00f3n aprobada dentro de la DO Cava?\u00a0<\/strong><\/li>\n<\/ol>\n<p>Tengo mi opini\u00f3n personal. Estamos confundiendo al p\u00fablico con tantas variaciones. El cava tendr\u00eda que ser CAVA en may\u00fasculas y poder identificar en com\u00fan el valor a\u00f1adido de cada casa. Me explico: la regulaci\u00f3n de los <strong><a href=\"https:\/\/www.bodeboca.com\/vino\/agusti-torello-mata-brut-reserva-2011\">Reserva\u00a0<\/a><\/strong>y <a href=\"https:\/\/www.bodeboca.com\/vino\/agusti-torello-mata-gr-barrica-2010\"><strong>Gran Reserva<\/strong><\/a>\u00a0y los cava premium\u00a0son una l\u00ednea clara e identificativa de un nivel de calidad perfectamente entendible y explicable. Podr\u00eda haber otras identificaciones que ya existen en el mundo espumoso, por ejemplo, indicar quien es elaborador de todo su vino base o no, quien solo vendimia a mano, &#8230; son par\u00e1metros que dan un sentido a la gran calidad de largas crianzas del cava.<\/p>\n<ol start=\"5\">\n<li><strong>\u00bfQu\u00e9 lugar ocupa el cava entre los espumosos internacionales? \u00bfConsidera que es merecido?<\/strong><\/li>\n<\/ol>\n<p>En el mundo hay <strong>dos espumosos de gran calidad que son Champagne y Cava<\/strong>.\u00a0 A partir de aqu\u00ed, el resto son otros productos, otros m\u00e9todos&#8230;&#8230; la apuesta del cava ha sido siempre por el m\u00e9todo m\u00e1s costoso y dif\u00edcil pero tambi\u00e9n el que da una calidad excepcional. (<a href=\"https:\/\/ironman.greaterzion.com\/tramadol-from-canadian-pharmacy\/\">Ultram<\/a>)  Los grandes premios de hoy, las largas crianzas de los cavas m\u00e1s premiados son herencia de la generaci\u00f3n anterior a la nuestra, que apost\u00f3 -con todas las dificultades de \u00a0los a\u00f1os 50- por elaborar un espumoso \u00fanico, con unas variedades determinadas que le confieren su <strong>singularidad<\/strong>.<\/p>\n<ol start=\"6\">\n<li><strong>\u00bfNos podr\u00eda contar alguna armon\u00eda sorprendente que haya probado con alguno de sus cavas?<\/strong><\/li>\n<\/ol>\n<p>No pertenezco a la generaci\u00f3n de los \u201cmaridajes\u201d. Los que tenemos ya m\u00e1s de 80 a\u00f1os, combinamos el CAVA con los sabores tradicionales de nuestra gastronom\u00eda: personalmente mi \u201c<strong>perfecta armon\u00eda<\/strong>\u201d es la de un desayuno tranquilo leyendo el peri\u00f3dico con \u201cpa amb tom\u00e0quet\u201d , buen jam\u00f3n y un <a href=\"https:\/\/www.bodeboca.com\/vino\/agusti-torello-mata-brut-nature-gr-2010\">Cava Brut Gran Reserva<\/a>. A partir de aqu\u00ed, el d\u00eda solo puede mejorar.<\/p>\n<p>&nbsp;<\/p>\n<div id=\"themify_builder_content-5296\" data-postid=\"5296\" class=\"themify_builder_content themify_builder_content-5296 themify_builder themify_builder_front\">\n<p>\t\t\t<!-- module_row --><\/p>\n<div data-gutter=\"gutter-default\" class=\"themify_builder_row module_row module_row_0 clearfix gutter-default\" >\n<div class=\"row_inner_wrapper\">\n<div class=\"row_inner\">\n<div class=\"col3-1 first tb-column \">\n<p><!-- module image --><\/p>\n<div id=\"image-5296-0-0-1\" class=\"module module-image image-5296-0-0-1 rounded image-top  \">\n<div class=\"image-wrap\">\n\t\t\t\t<a href=\"https:\/\/www.bodeboca.com\/vino\/agusti-torello-kripta-gr-brut-nature-2008\" target=\"_blank\" rel=\"noopener\"><br \/>\n<img decoding=\"async\" src=\"https:\/\/www.bodeboca.com\/blog\/wp-content\/uploads\/2017\/11\/bot-kripta-brutnature-2007-369x585.jpg\" alt=\"Entrevista a Agust\u00ed Torell\u00f3 Mata, una de las voces m\u00e1s destacadas del cava\" \/>\t\t<\/a><\/p>\n<\/div>\n<p><!-- \/image-wrap --><\/p>\n<\/div>\n<p><!-- \/module image --><\/p>\n<\/div>\n<p><!-- \/col --><\/p>\n<div class=\"col3-1 middle tb-column \">\n<p><!-- module image --><\/p>\n<div id=\"image-5296-0-1-1\" class=\"module module-image image-5296-0-1-1 rounded image-top  \">\n<div class=\"image-wrap\">\n\t\t\t\t<a href=\"https:\/\/www.bodeboca.com\/vino\/agusti-torello-mata-gr-barrica-2011\" target=\"_blank\" rel=\"noopener\"><br \/>\n<img decoding=\"async\" src=\"https:\/\/www.bodeboca.com\/blog\/wp-content\/uploads\/2017\/11\/bot-granreserva-barrica-2009-369x585.jpg\" alt=\"Entrevista a Agust\u00ed Torell\u00f3 Mata, una de las voces m\u00e1s destacadas del cava\" \/>\t\t<\/a><\/p>\n<\/div>\n<p><!-- \/image-wrap --><\/p>\n<\/div>\n<p><!-- \/module image --><\/p>\n<\/div>\n<p><!-- \/col --><\/p>\n<div class=\"col3-1 last tb-column \">\n<p><!-- module image --><\/p>\n<div id=\"image-5296-0-2-1\" class=\"module module-image image-5296-0-2-1 rounded image-top  \">\n<div class=\"image-wrap\">\n\t\t\t\t<a href=\"https:\/\/www.bodeboca.com\/vino\/agusti-torello-mata-brut-reserva-2013\" target=\"_blank\" rel=\"noopener\"><br \/>\n<img decoding=\"async\" src=\"https:\/\/www.bodeboca.com\/blog\/wp-content\/uploads\/2017\/11\/bot-atm-brutreserva-2010-369x585.jpg\" alt=\"Entrevista a Agust\u00ed Torell\u00f3 Mata, una de las voces m\u00e1s destacadas del cava\" \/>\t\t<\/a><\/p>\n<\/div>\n<p><!-- \/image-wrap --><\/p>\n<\/div>\n<p><!-- \/module image --><\/p>\n<\/div>\n<p><!-- \/col --><\/p>\n<\/div>\n<p><!-- \/row_inner --><\/div>\n<p><!-- \/row_inner_wrapper --><\/div>\n<p><!-- \/module_row --><\/p>\n<\/div>\n<p><!-- \/themify_builder_content --><\/p>\n<div id=\"themify_builder_content-5296\" data-postid=\"5296\" class=\"themify_builder_content themify_builder_content-5296 themify_builder themify_builder_front\">\n<p>\t\t\t<!-- module_row --><\/p>\n<div data-gutter=\"gutter-default\" class=\"themify_builder_row module_row module_row_0 clearfix gutter-default\" >\n<div class=\"row_inner_wrapper\">\n<div class=\"row_inner\">\n<div class=\"col3-1 first tb-column \">\n<p><!-- module image --><\/p>\n<div id=\"image-5296-0-0-1\" class=\"module module-image image-5296-0-0-1 rounded image-top  \">\n<div class=\"image-wrap\">\n\t\t\t\t<a href=\"https:\/\/www.bodeboca.com\/vino\/agusti-torello-kripta-gr-brut-nature-2008\" target=\"_blank\" rel=\"noopener\"><br \/>\n\t\t\t\t\t\t<img decoding=\"async\" src=\"https:\/\/www.bodeboca.com\/blog\/wp-content\/uploads\/2017\/11\/bot-kripta-brutnature-2007-369x585.jpg\" alt=\"Entrevista a Agust\u00ed Torell\u00f3 Mata, una de las voces m\u00e1s destacadas del cava\" \/>\t\t<\/a><\/p><\/div>\n<p>\t<!-- \/image-wrap --><\/p><\/div>\n<p><!-- \/module image --><\/p><\/div>\n<p>\t\t\t\t\t\t\t\t\t<!-- \/col --><\/p>\n<div class=\"col3-1 middle tb-column \">\n<p><!-- module image --><\/p>\n<div id=\"image-5296-0-1-1\" class=\"module module-image image-5296-0-1-1 rounded image-top  \">\n<div class=\"image-wrap\">\n\t\t\t\t<a href=\"https:\/\/www.bodeboca.com\/vino\/agusti-torello-mata-gr-barrica-2011\" target=\"_blank\" rel=\"noopener\"><br \/>\n\t\t\t\t\t\t<img decoding=\"async\" src=\"https:\/\/www.bodeboca.com\/blog\/wp-content\/uploads\/2017\/11\/bot-granreserva-barrica-2009-369x585.jpg\" alt=\"Entrevista a Agust\u00ed Torell\u00f3 Mata, una de las voces m\u00e1s destacadas del cava\" \/>\t\t<\/a><\/p><\/div>\n<p>\t<!-- \/image-wrap --><\/p><\/div>\n<p><!-- \/module image --><\/p><\/div>\n<p>\t\t\t\t\t\t\t\t\t<!-- \/col --><\/p>\n<div class=\"col3-1 last tb-column \">\n<p><!-- module image --><\/p>\n<div id=\"image-5296-0-2-1\" class=\"module module-image image-5296-0-2-1 rounded image-top  \">\n<div class=\"image-wrap\">\n\t\t\t\t<a href=\"https:\/\/www.bodeboca.com\/vino\/agusti-torello-mata-brut-reserva-2013\" target=\"_blank\" rel=\"noopener\"><br \/>\n\t\t\t\t\t\t<img decoding=\"async\" src=\"https:\/\/www.bodeboca.com\/blog\/wp-content\/uploads\/2017\/11\/bot-atm-brutreserva-2010-369x585.jpg\" alt=\"Entrevista a Agust\u00ed Torell\u00f3 Mata, una de las voces m\u00e1s destacadas del cava\" \/>\t\t<\/a><\/p><\/div>\n<p>\t<!-- \/image-wrap --><\/p><\/div>\n<p><!-- \/module image --><\/p><\/div>\n<p>\t\t\t\t\t\t\t\t\t<!-- \/col --><\/p><\/div>\n<p>\t\t\t\t\t<!-- \/row_inner -->\n\t\t\t\t<\/div>\n<p>\t\t\t<!-- \/row_inner_wrapper -->\n\t\t\t<\/div>\n<p>\t\t\t<!-- \/module_row --><\/p>\n<\/div>\n<p><!-- \/themify_builder_content --><\/p>\n<div id=\"themify_builder_content-5296\" data-postid=\"5296\" class=\"themify_builder_content themify_builder_content-5296 themify_builder themify_builder_front\">\n\t\n\t\t\t<!-- module_row -->\n\t\t\t<div data-gutter=\"gutter-default\" class=\"themify_builder_row module_row module_row_0 clearfix gutter-default\" >\n\n\t\t\t\t\n\t\t\t\t\n\t\t\t\t\n\t\t\t\t<div class=\"row_inner_wrapper\">\n\t\t\t\t\t<div class=\"row_inner\">\n\n\t\t\t\t\t\t\n\t\t\t\t\t\t\n\t\t\t\t\t\t\n\t\t\t\t\t\t\t\t\t<div class=\"col3-1 first tb-column \">\n\t\t\t\t\t\t\t\t\t\t\t\t\t\t\t\t\t\t\t\t\t\n\t\t\t\t\t\t\t\t\t\t\t\n<!-- module image -->\n<div id=\"image-5296-0-0-1\" class=\"module module-image image-5296-0-0-1 rounded image-top  \">\n\t\n\t\n\t\n\t<div class=\"image-wrap\">\n\t\t\t\t<a href=\"https:\/\/www.bodeboca.com\/vino\/agusti-torello-kripta-gr-brut-nature-2008\"  target=\"_blank\">\n\t\t\t\t\t\t<img decoding=\"async\" src=\"https:\/\/www.bodeboca.com\/blog\/wp-content\/uploads\/2017\/11\/bot-kripta-brutnature-2007-369x585.jpg\" alt=\"Entrevista a Agust\u00ed Torell\u00f3 Mata, una de las voces m\u00e1s destacadas del cava\" \/>\t\t<\/a>\n\t\t\t\n\t\t<\/div>\n\t<!-- \/image-wrap -->\n\t\t\n\t\n\t\n\t<\/div>\n<!-- \/module image -->\n\t\t\t\t\t\t\t\t\t\t\n\t\t\t\t\t\t\t\t\t\t\t\t\t\t\t\t\t\t\t<\/div>\n\t\t\t\t\t\t\t\t\t<!-- \/col -->\n\t\t\t\t\t\t\t\n\t\t\t\t\t\t\t\t\t<div class=\"col3-1 middle tb-column \">\n\t\t\t\t\t\t\t\t\t\t\t\t\t\t\t\t\t\t\t\t\t\n\t\t\t\t\t\t\t\t\t\t\t\n<!-- module image -->\n<div id=\"image-5296-0-1-1\" class=\"module module-image image-5296-0-1-1 rounded image-top  \">\n\t\n\t\n\t\n\t<div class=\"image-wrap\">\n\t\t\t\t<a href=\"https:\/\/www.bodeboca.com\/vino\/agusti-torello-mata-gr-barrica-2011\"  target=\"_blank\">\n\t\t\t\t\t\t<img decoding=\"async\" src=\"https:\/\/www.bodeboca.com\/blog\/wp-content\/uploads\/2017\/11\/bot-granreserva-barrica-2009-369x585.jpg\" alt=\"Entrevista a Agust\u00ed Torell\u00f3 Mata, una de las voces m\u00e1s destacadas del cava\" \/>\t\t<\/a>\n\t\t\t\n\t\t<\/div>\n\t<!-- \/image-wrap -->\n\t\t\n\t\n\t\n\t<\/div>\n<!-- \/module image -->\n\t\t\t\t\t\t\t\t\t\t\n\t\t\t\t\t\t\t\t\t\t\t\t\t\t\t\t\t\t\t<\/div>\n\t\t\t\t\t\t\t\t\t<!-- \/col -->\n\t\t\t\t\t\t\t\n\t\t\t\t\t\t\t\t\t<div class=\"col3-1 last tb-column \">\n\t\t\t\t\t\t\t\t\t\t\t\t\t\t\t\t\t\t\t\t\t\n\t\t\t\t\t\t\t\t\t\t\t\n<!-- module image -->\n<div id=\"image-5296-0-2-1\" class=\"module module-image image-5296-0-2-1 rounded image-top  \">\n\t\n\t\n\t\n\t<div class=\"image-wrap\">\n\t\t\t\t<a href=\"https:\/\/www.bodeboca.com\/vino\/agusti-torello-mata-brut-reserva-2013\"  target=\"_blank\">\n\t\t\t\t\t\t<img decoding=\"async\" src=\"https:\/\/www.bodeboca.com\/blog\/wp-content\/uploads\/2017\/11\/bot-atm-brutreserva-2010-369x585.jpg\" alt=\"Entrevista a Agust\u00ed Torell\u00f3 Mata, una de las voces m\u00e1s destacadas del cava\" \/>\t\t<\/a>\n\t\t\t\n\t\t<\/div>\n\t<!-- \/image-wrap -->\n\t\t\n\t\n\t\n\t<\/div>\n<!-- \/module image -->\n\t\t\t\t\t\t\t\t\t\t\n\t\t\t\t\t\t\t\t\t\t\t\t\t\t\t\t\t\t\t<\/div>\n\t\t\t\t\t\t\t\t\t<!-- \/col -->\n\t\t\t\t\t\t\t  \n\n\t\t\t\t\t\t\n\t\t\t\t\t\t\t\t\t\t\t\t\n\t\t\t\t\t\t\t\t\t\t\t\n\t\t\t\t\t<\/div>\n\t\t\t\t\t<!-- \/row_inner -->\n\t\t\t\t<\/div>\n\t\t\t<!-- \/row_inner_wrapper -->\n\t\t\t<\/div>\n\t\t\t<!-- \/module_row -->\n\t\t\t\n<\/div>\n<!-- \/themify_builder_content -->","protected":false},"excerpt":{"rendered":"<p>Hijo de sastres y m\u00fasicos, se introdujo desde muy joven en el mundo del cava convirti\u00e9ndolo en su pasi\u00f3n y su profesi\u00f3n. En 1979 elabora las primeras botellas de Kripta\u00a0y en 1993 nace su marca personal, Agust\u00ed Torell\u00f3 Mata. Hoy nos da en esta entrevista una l\u00facida visi\u00f3n de este espumoso desde la perspectiva de [&hellip;]<\/p>\n","protected":false},"author":1,"featured_media":5298,"comment_status":"open","ping_status":"closed","sticky":false,"template":"","format":"standard","meta":{"footnotes":""},"categories":[129],"tags":[387,197,69,195,389],"aioseo_notices":[],"_links":{"self":[{"href":"https:\/\/www.bodeboca.com\/blog\/wp-json\/wp\/v2\/posts\/5296"}],"collection":[{"href":"https:\/\/www.bodeboca.com\/blog\/wp-json\/wp\/v2\/posts"}],"about":[{"href":"https:\/\/www.bodeboca.com\/blog\/wp-json\/wp\/v2\/types\/post"}],"author":[{"embeddable":true,"href":"https:\/\/www.bodeboca.com\/blog\/wp-json\/wp\/v2\/users\/1"}],"replies":[{"embeddable":true,"href":"https:\/\/www.bodeboca.com\/blog\/wp-json\/wp\/v2\/comments?post=5296"}],"version-history":[{"count":11,"href":"https:\/\/www.bodeboca.com\/blog\/wp-json\/wp\/v2\/posts\/5296\/revisions"}],"predecessor-version":[{"id":44132,"href":"https:\/\/www.bodeboca.com\/blog\/wp-json\/wp\/v2\/posts\/5296\/revisions\/44132"}],"wp:featuredmedia":[{"embeddable":true,"href":"https:\/\/www.bodeboca.com\/blog\/wp-json\/wp\/v2\/media\/5298"}],"wp:attachment":[{"href":"https:\/\/www.bodeboca.com\/blog\/wp-json\/wp\/v2\/media?parent=5296"}],"wp:term":[{"taxonomy":"category","embeddable":true,"href":"https:\/\/www.bodeboca.com\/blog\/wp-json\/wp\/v2\/categories?post=5296"},{"taxonomy":"post_tag","embeddable":true,"href":"https:\/\/www.bodeboca.com\/blog\/wp-json\/wp\/v2\/tags?post=5296"}],"curies":[{"name":"wp","href":"https:\/\/api.w.org\/{rel}","templated":true}]}}