{"id":45482,"date":"2024-03-05T13:54:00","date_gmt":"2024-03-05T11:54:00","guid":{"rendered":"https:\/\/www.bodeboca.com\/blog\/?p=45482"},"modified":"2024-03-08T12:40:41","modified_gmt":"2024-03-08T10:40:41","slug":"copa-de-los-sentidos-2024","status":"publish","type":"post","link":"https:\/\/www.bodeboca.com\/blog\/copa-de-los-sentidos-2024\/","title":{"rendered":"La Copa de los Sentidos 2024"},"content":{"rendered":"\n<p>Son muchos los que piensan que trabajar en el sector del vino<strong> es un continuo simposio<\/strong>, una experiencia esencialmente l\u00fadica que se desarrolla en elegantes salas de degustaci\u00f3n, entre aperitivos, grandes copas de cristal y, quiz\u00e1, algo de m\u00fasica <em>lounge<\/em> de fondo.&nbsp;Los que se dedican a este oficio saben perfectamente que este retrato glamuroso <strong>no se corresponde con la realidad<\/strong>, pero&#8230; (s\u00ed, hay un pero), a veces, el dios Baco muestra su benevolencia con sus &#8216;adeptos&#8217; y nos regala algunas experiencias que consiguen enriquecer enormemente nuestras almas y sobre todo nuestros sentidos.<\/p>\n\n\n\n<p><strong>La Copa de los Sentidos<\/strong> es una de ellas, una gran fiesta para los amantes del vino organizada bianualmente por la distribuidora de vinos <em>premium<\/em> y productos <em>gourmet<\/em><strong> Aseuniv<\/strong>. El evento tuvo lugar el 28 de febrero en el <strong>Florida Park<\/strong>, situado en el<strong> Parque del Retiro<\/strong>, el coraz\u00f3n verde de la capital madrile\u00f1a. Inicialmente el evento iba a celebrarse el d\u00eda anterior, pero debido a los fuertes vientos y al cierre del parque por motivos de seguridad, la organizaci\u00f3n tuvo que posponer un d\u00eda la apertura de puertas.<\/p>\n\n\n\n<p>Debo confesar que al principio me sent\u00ed como un ni\u00f1o en un parque de atracciones.<strong> Este evento es el sue\u00f1o de todos los amantes del vino<\/strong>, donde puedes ver reunidas algunas de las bodegas m\u00e1s emblem\u00e1ticas del panorama vin\u00edcola nacional e internacional en <strong>un ambiente jovial, festivo<\/strong> y menos formal que un normal sal\u00f3n o una cata profesional. <\/p>\n\n\n\n<p>Menci\u00f3n aparte merece la <strong>selecci\u00f3n de productos <em>gourmet<\/em> <\/strong>que se nos ofreci\u00f3, los excelentes <strong>jamones y embutidos de bellota<\/strong> y la carne de primera calidad de la marca <strong>Discarlux<\/strong> fueron un aliado imprescindible para poder disfrutar plenamente del evento.<\/p>\n\n\n\n<figure class=\"wp-block-image size-large\"><img loading=\"lazy\" decoding=\"async\" width=\"878\" height=\"585\" src=\"https:\/\/www.bodeboca.com\/blog\/wp-content\/uploads\/2024\/03\/193_174-1-878x585.jpg\" alt=\"\" class=\"wp-image-45824\" srcset=\"https:\/\/www.bodeboca.com\/blog\/wp-content\/uploads\/2024\/03\/193_174-1-878x585.jpg 878w, https:\/\/www.bodeboca.com\/blog\/wp-content\/uploads\/2024\/03\/193_174-1-768x512.jpg 768w, https:\/\/www.bodeboca.com\/blog\/wp-content\/uploads\/2024\/03\/193_174-1-1536x1024.jpg 1536w, https:\/\/www.bodeboca.com\/blog\/wp-content\/uploads\/2024\/03\/193_174-1-2048x1365.jpg 2048w\" sizes=\"(max-width: 878px) 100vw, 878px\" \/><\/figure>\n\n\n\n<p><\/p>\n\n\n\n<p>Fue un gran placer para m\u00ed poder participar en compa\u00f1\u00eda de algunas de mis compa\u00f1eras, y tuvimos la oportunidad de <strong>probar varias etiquetas muy interesantes<\/strong> que nos gustar\u00eda compartir con vosotros.<\/p>\n\n\n\n<div class=\"wp-block-media-text is-stacked-on-mobile\" style=\"grid-template-columns:30% auto\"><figure class=\"wp-block-media-text__media\"><a href=\"https:\/\/www.bodeboca.com\/vino\/moet-chandon-grand-vintage-2015-con-estuche?utm_source=blog&amp;utm_medium=referral&amp;utm_campaign=CopaSentidos2024\" target=\"_blank\" rel=\"noreferrer noopener\"><img loading=\"lazy\" decoding=\"async\" width=\"353\" height=\"560\" src=\"https:\/\/www.bodeboca.com\/blog\/wp-content\/uploads\/2024\/03\/moet-chandon-2015.jpg\" alt=\"\" class=\"wp-image-45485 size-full\"\/><\/a><\/figure><div class=\"wp-block-media-text__content\">\n<p>Para abrir los bailes, y eliminar de mi paladar el sabor a caf\u00e9 que atenazaba mis papilas gustativas, mi primera parada fue en la mesa de un <strong>cl\u00e1sico entre los cl\u00e1sicos:<\/strong> <strong>Mo\u00ebt &amp; Chandon<\/strong>, donde pude degustar un <em>champagne<\/em> que realmente me impresion\u00f3 por su finura y expresividad: <strong><a href=\"https:\/\/www.bodeboca.com\/vino\/moet-chandon-grand-vintage-2015-con-estuch?utm_source=blog&amp;utm_medium=referral&amp;utm_campaign=CopaSentidos2024\" target=\"_blank\" rel=\"noopener\" title=\"Mo\u00ebt\">Mo\u00ebt<\/a><\/strong><a href=\"https:\/\/www.bodeboca.com\/vino\/moet-chandon-grand-vintage-2015-con-estuche?utm_source=blog&amp;utm_medium=referral&amp;utm_campaign=CopaSentidos2024\" target=\"_blank\" rel=\"noopener\" title=\"Mo\u00ebt &amp; Chandon Grand Vintage 2015.\"><strong> &amp; Chandon Grand Vintage 2015<\/strong>.<\/a> Un homenaje a la gran a\u00f1ada de 2015, en la que se alternaron calores extremos con fr\u00edos intensos y que dot\u00f3 al vino de <strong>una agradable tensi\u00f3n<\/strong> que lo hace a\u00fan m\u00e1s interesante en boca y en nariz.<\/p>\n<\/div><\/div>\n\n\n\n<p><\/p>\n\n\n\n<div class=\"wp-block-media-text has-media-on-the-right is-stacked-on-mobile\" style=\"grid-template-columns:auto 30%\"><div class=\"wp-block-media-text__content\">\n<p>Tengo debilidad por los <a href=\"https:\/\/www.bodeboca.com\/blog\/conectando-con-gredos\/?utm_source=blog&amp;utm_medium=referral&amp;utm_campaign=CopaSentidos2024\" target=\"_blank\" rel=\"noopener\" title=\"tintos de Garnacha elaborados en la Sierra de Gredos\">tintos de Garnacha elaborados en la Sierra de Gredos<\/a>, y no puedo dejar de mencionar una etiqueta que realmente me impresion\u00f3: <strong><a href=\"https:\/\/www.bodeboca.com\/vino\/ataulfos-2018?utm_source=blog&amp;utm_medium=referral&amp;utm_campaign=CopaSentidos2024\" target=\"_blank\" rel=\"noopener\" title=\"Ataulfos\">Ataulfos<\/a><\/strong> <strong>2018<\/strong> de<strong> Jim\u00e9nez-Landi<\/strong>. Un vino de parcela elegante, floral, mineral, con toda la finura que puede ofrecer el <strong>suelo gran\u00edtico <\/strong>de la zona. Se trata de un lugar privilegiado donde <strong>la Garnacha<\/strong>, en mi opini\u00f3n, ha encontrado un h\u00e1bitat ideal. Este tinto me recuerda los largos paseos matinales por la monta\u00f1a de mi infancia, en busca de las deliciosas bayas rojas escondidas entre las zarzas. Un vino que me gustar\u00eda definir proustiano.<\/p>\n<\/div><figure class=\"wp-block-media-text__media\"><a href=\"https:\/\/www.bodeboca.com\/vino\/ataulfos-2018?utm_source=blog&amp;utm_medium=referral&amp;utm_campaign=CopaSentidos2024\" target=\"_blank\" rel=\"noreferrer noopener\"><img loading=\"lazy\" decoding=\"async\" width=\"353\" height=\"560\" src=\"https:\/\/www.bodeboca.com\/blog\/wp-content\/uploads\/2024\/03\/bot-ataulfos-2018.jpg\" alt=\"\" class=\"wp-image-45488 size-full\"\/><\/a><\/figure><\/div>\n\n\n\n<p><\/p>\n\n\n\n<p>Para concluir mi breve excurso y dejar la palabra a las impresiones y \u201cflechazos\u201d de mis compa\u00f1eras, hay que hablar de <strong>\u00abla reina del baile\u00bb<\/strong>, la etiqueta m\u00e1s deseada, codiciada y cortejada del evento: <strong><a href=\"https:\/\/www.bodeboca.com\/vino\/la-faraona-2020?utm_source=blog&amp;utm_medium=referral&amp;utm_campaign=CopaSentidos2024\" target=\"_blank\" rel=\"noopener\" title=\"La Faraona\">La Faraona <\/a><\/strong>de<strong> Descendientes de J. Palacios<\/strong>. Estamos hablando de <strong>uno de los mejores vinos del mundo,<\/strong> y debo admitir que despu\u00e9s de probarlo, merece toda su fama.&nbsp;Tuvimos que esperar unos minutos con la esperanza de que la multitud se redujera frente a la mesa de degustaci\u00f3n y, finalmente, conseguimos hacernos un hueco y pudimos ofrecer nuestras copas deseosas de recibir este elixir. <\/p>\n\n\n\n<div class=\"wp-block-media-text is-stacked-on-mobile\" style=\"grid-template-columns:30% auto\"><figure class=\"wp-block-media-text__media\"><a href=\"https:\/\/www.bodeboca.com\/vino\/la-faraona-2020?utm_source=blog&amp;utm_medium=referral&amp;utm_campaign=CopaSentidos2024\" target=\"_blank\" rel=\"noreferrer noopener\"><img loading=\"lazy\" decoding=\"async\" width=\"353\" height=\"560\" src=\"https:\/\/www.bodeboca.com\/blog\/wp-content\/uploads\/2024\/03\/bot-lafaraona-2020.jpg\" alt=\"\" class=\"wp-image-45494 size-full\"\/><\/a><\/figure><div class=\"wp-block-media-text__content\">\n<p><\/p>\n\n\n\n<p>A veces es muy complicado describir <strong>un vino que consigue tocar tan profundamente nuestros sentidos<\/strong>, de hecho, se me olvid\u00f3 tomar notas (de memoria recuerdo que la a\u00f1ada deb\u00eda ser 2020, pero podr\u00eda equivocarme) y opt\u00e9 por disfrutar libremente de este tinto que, sin ninguna duda, se encuentra entre <strong>los mejores que he probado nunca<\/strong>. Fino, elegante, intenso, pero tambi\u00e9n dotado de una genuina sencillez, <strong>una belleza natural que no necesita trucos ni oropeles<\/strong>, tan seductora y atractiva como una diva del cine neorrealista de los a\u00f1os 50. Una creaci\u00f3n que todo el mundo deber\u00eda probar al menos una vez en la vida. Desgraciadamente,&nbsp;el precio lo hace inalcanzable para muchos, pero <strong>afortunadamente existen eventos como \u00e9ste<\/strong> que tambi\u00e9n permiten a nosotros, comunes mortales, degustar el n\u00e9ctar de los dioses.<\/p>\n\n\n\n<p><\/p>\n<\/div><\/div>\n\n\n\n<p><\/p>\n\n\n\n<p><\/p>\n\n\n\n<p>Ahora dejo la palabra a los flechazos de mis compa\u00f1eras:<\/p>\n\n\n\n<div class=\"wp-block-media-text has-media-on-the-right is-stacked-on-mobile\" style=\"grid-template-columns:auto 30%\"><div class=\"wp-block-media-text__content\">\n<p><strong><a href=\"https:\/\/www.bodeboca.com\/vino\/microcosmico-macabeo-2022?utm_source=blog&amp;utm_medium=referral&amp;utm_campaign=CopaSentidos2024\" target=\"_blank\" rel=\"noopener\" title=\"Microc\u00f3smico Macabeo 2022\">Microc\u00f3smico Macabeo 2022<\/a><\/strong><\/p>\n\n\n\n<p>El amor a primera vista existe. Y lo puedo confirmar con esta joya de<strong> Frontonio<\/strong>, se trata de una <strong>Macabeo<\/strong> de exquisita finura en un blanco de car\u00e1cter eminentemente fresco, con buen volumen y longitud. \u00a1Todo un descubrimiento para mi paladar!<\/p>\n\n\n\n<p>Laura Calvo Toulouse<\/p>\n<\/div><figure class=\"wp-block-media-text__media\"><a href=\"https:\/\/www.bodeboca.com\/vino\/microcosmico-macabeo-2022?utm_source=blog&amp;utm_medium=referral&amp;utm_campaign=CopaSentidos2024\"><img loading=\"lazy\" decoding=\"async\" width=\"353\" height=\"560\" src=\"https:\/\/www.bodeboca.com\/blog\/wp-content\/uploads\/2024\/03\/bot-microcosmicomacabeo-sinanada_0_0.jpg\" alt=\"\" class=\"wp-image-45497 size-full\"\/><\/a><\/figure><\/div>\n\n\n\n<div class=\"wp-block-media-text is-stacked-on-mobile\" style=\"grid-template-columns:30% auto\"><figure class=\"wp-block-media-text__media\"><a href=\"https:\/\/www.bodeboca.com\/vino\/gramona-iii-lustros-brut-nature-2015?utm_source=blog&amp;utm_medium=referral&amp;utm_campaign=CopaSentidos2024\"><img loading=\"lazy\" decoding=\"async\" width=\"353\" height=\"560\" src=\"https:\/\/www.bodeboca.com\/blog\/wp-content\/uploads\/2024\/03\/bot-gramona-III-lustros-brut-nature-2015.png\" alt=\"\" class=\"wp-image-45506 size-full\"\/><\/a><\/figure><div class=\"wp-block-media-text__content\">\n<p><strong><a href=\"https:\/\/www.bodeboca.com\/vino\/gramona-iii-lustros-brut-nature-2015?utm_source=blog&amp;utm_medium=referral&amp;utm_campaign=CopaSentidos2024\" target=\"_blank\" rel=\"noopener\" title=\"Gramona III Lustros Brut Nature 2015\">Gramona III Lustros Brut Nature 2015<\/a><\/strong><\/p>\n\n\n\n<p>Gramona ha vuelto a enamorarme. Si te gustan las finas burbujas de <strong>Corpinnat<\/strong> te recomiendo este cava, suave, cremoso y elegante. Sus t\u00edpicas notas de panader\u00eda y pasteler\u00eda, su verticalidad y sus aromas minerales no dejan de sorprenderme en cada sorbo. Este espumoso te acompa\u00f1ar\u00e1 fielmente en tus encuentros m\u00e1s especiales.<\/p>\n\n\n\n<p>Laura Calvo Toulouse<\/p>\n<\/div><\/div>\n\n\n\n<p><\/p>\n\n\n\n<div class=\"wp-block-media-text has-media-on-the-right is-stacked-on-mobile\" style=\"grid-template-columns:auto 30%\"><div class=\"wp-block-media-text__content\">\n<p><strong><a href=\"https:\/\/www.bodeboca.com\/vino\/alma-vello-tesouro-2021?utm_source=blog&amp;utm_medium=referral&amp;utm_campaign=CopaSentidos2024\" target=\"_blank\" rel=\"noopener\" title=\"Alma do Vello Tesouro 2021\">Alma do Vello Tesouro 2021<\/a><\/strong><\/p>\n\n\n\n<p>Para m\u00ed fue&nbsp;un flechazo instant\u00e1neo. Su capa ligera es una antesala a lo que est\u00e1 por venir: much\u00edsima fruta, una frescura arrebatadora y repleto de elegancia y finura. Se trata de un <strong>monovarietal de Brancellao<\/strong> procedente de una peque\u00f1a parcela centenaria, un descubrimiento no solo en <strong>Valdeorras<\/strong> sino en lo que a tintos atl\u00e1nticos se refiere.<\/p>\n\n\n\n<p>Mariana Moura<\/p>\n<\/div><figure class=\"wp-block-media-text__media\"><a href=\"https:\/\/www.bodeboca.com\/vino\/alma-vello-tesouro-2021?utm_source=blog&amp;utm_medium=referral&amp;utm_campaign=CopaSentidos2024\" target=\"_blank\" rel=\"noreferrer noopener\"><img loading=\"lazy\" decoding=\"async\" width=\"353\" height=\"560\" src=\"https:\/\/www.bodeboca.com\/blog\/wp-content\/uploads\/2024\/03\/bot-alma-de-vello-tesouro-2019_0_0.jpg\" alt=\"\" class=\"wp-image-45509 size-full\"\/><\/a><\/figure><\/div>\n\n\n\n<p><\/p>\n\n\n\n<div class=\"wp-block-media-text is-stacked-on-mobile\" style=\"grid-template-columns:30% auto\"><figure class=\"wp-block-media-text__media\"><a href=\"https:\/\/www.bodeboca.com\/vino\/gran-guarda-la-comtesse-2018?utm_source=blog&amp;utm_medium=referral&amp;utm_campaign=CopaSentidos2024\"><img loading=\"lazy\" decoding=\"async\" width=\"353\" height=\"560\" src=\"https:\/\/www.bodeboca.com\/blog\/wp-content\/uploads\/2024\/03\/bot-granvinodeguarda-lacomtesse-2018.jpg\" alt=\"\" class=\"wp-image-45512 size-full\"\/><\/a><\/figure><div class=\"wp-block-media-text__content\">\n<p><strong><a href=\"https:\/\/www.bodeboca.com\/vino\/gran-guarda-la-comtesse-2018?utm_source=blog&amp;utm_medium=referral&amp;utm_campaign=CopaSentidos2024\" target=\"_blank\" rel=\"noopener\" title=\"Gran Vino de Guarda La Comtesse 2018\">Gran Vino de Guarda La Comtesse 2018<\/a><\/strong><\/p>\n\n\n\n<p>Ya hab\u00eda tenido el placer de probar&nbsp;esta referencia&nbsp;en su a\u00f1ada 2017. Me reafirmo, este es uno de esos <strong>albari\u00f1os<\/strong> que me enamoran una y otra vez. Una delicia plena, con fruta madura, notas de eucalipto y manteniendo un frescor que solo nos pod\u00eda transportar a las costas atl\u00e1nticas. <strong>Sin duda uno de los mejores blancos gallegos<\/strong>, con una presencia \u00fanica a la mesa.<\/p>\n\n\n\n<p>Mariana Moura<\/p>\n<\/div><\/div>\n\n\n\n<p><\/p>\n\n\n\n<p><br><em>Dulcis in fundo<\/em>, el evento estuvo amenizado por <strong>un espect\u00e1culo de cabaret<\/strong> que sigui\u00f3 haciendo cosquillas a nuestros sentidos, ya embriagados por las numerosas degustaciones en las mesas de catas. Y en medio de esta mezcla de glamour, burbujas y delicatessen, levant\u00e9 mi copa de <strong><a href=\"https:\/\/www.bodeboca.com\/vino\/gramona-imperial-2018?utm_source=blog&amp;utm_medium=referral&amp;utm_campaign=CopaSentidos2024\" target=\"_blank\" rel=\"noopener\" title=\"Gramona Imperial\">Gramona Imperial<\/a><\/strong> para <strong>un \u00faltimo brindis antes de volver a la realidad<\/strong>, hecha de pantallas de ordenadores y vagones de metro abarrotados, donde, api\u00f1ado entre la multitud, en medio del desagradable olor y el ruido ajenos, me agarro a esa mol\u00e9cula de Faraona escondida en los meandros de mi paladar, pensando: s\u00ed, es verdad, somos unos privilegiados.<\/p>\n<div id=\"themify_builder_content-45482\" data-postid=\"45482\" class=\"themify_builder_content themify_builder_content-45482 themify_builder themify_builder_front\">\n\t<\/div>\n<!-- \/themify_builder_content -->","protected":false},"excerpt":{"rendered":"<p>La Copa de los Sentidos es una gran fiesta para los amantes del vino organizada bianualmente por la distribuidora de vinos premium y productos gourmet Aseuniv. El evento tuvo lugar el 28 de febrero en el Florida Park, situado en el Parque del Retiro.<\/p>\n","protected":false},"author":59,"featured_media":45869,"comment_status":"open","ping_status":"closed","sticky":false,"template":"","format":"standard","meta":{"footnotes":""},"categories":[356,1749],"tags":[93,2069,33,197,7340,961,7343,1303,768,7346,924,7352,304,7349],"aioseo_notices":[],"_links":{"self":[{"href":"https:\/\/www.bodeboca.com\/blog\/wp-json\/wp\/v2\/posts\/45482"}],"collection":[{"href":"https:\/\/www.bodeboca.com\/blog\/wp-json\/wp\/v2\/posts"}],"about":[{"href":"https:\/\/www.bodeboca.com\/blog\/wp-json\/wp\/v2\/types\/post"}],"author":[{"embeddable":true,"href":"https:\/\/www.bodeboca.com\/blog\/wp-json\/wp\/v2\/users\/59"}],"replies":[{"embeddable":true,"href":"https:\/\/www.bodeboca.com\/blog\/wp-json\/wp\/v2\/comments?post=45482"}],"version-history":[{"count":43,"href":"https:\/\/www.bodeboca.com\/blog\/wp-json\/wp\/v2\/posts\/45482\/revisions"}],"predecessor-version":[{"id":45872,"href":"https:\/\/www.bodeboca.com\/blog\/wp-json\/wp\/v2\/posts\/45482\/revisions\/45872"}],"wp:featuredmedia":[{"embeddable":true,"href":"https:\/\/www.bodeboca.com\/blog\/wp-json\/wp\/v2\/media\/45869"}],"wp:attachment":[{"href":"https:\/\/www.bodeboca.com\/blog\/wp-json\/wp\/v2\/media?parent=45482"}],"wp:term":[{"taxonomy":"category","embeddable":true,"href":"https:\/\/www.bodeboca.com\/blog\/wp-json\/wp\/v2\/categories?post=45482"},{"taxonomy":"post_tag","embeddable":true,"href":"https:\/\/www.bodeboca.com\/blog\/wp-json\/wp\/v2\/tags?post=45482"}],"curies":[{"name":"wp","href":"https:\/\/api.w.org\/{rel}","templated":true}]}}