{"id":36662,"date":"2023-07-04T11:52:44","date_gmt":"2023-07-04T09:52:44","guid":{"rendered":"https:\/\/www.bodeboca.com\/blog\/?p=36662"},"modified":"2025-12-17T18:45:21","modified_gmt":"2025-12-17T16:45:21","slug":"barbacoas-de-verano-para-que-sientas-el-placer-al-aire-libre","status":"publish","type":"post","link":"https:\/\/www.bodeboca.com\/blog\/barbacoas-de-verano-para-que-sientas-el-placer-al-aire-libre\/","title":{"rendered":"Barbacoas de verano: siente el placer al aire libre"},"content":{"rendered":"\n<p>Hoy es 4 de julio, un d\u00eda m\u00e1s para nosotros pero muy especial para Estados Unidos, su <a href=\"https:\/\/www.usa.gov\/es\/dia-independencia-estados-unidos\" target=\"_blank\" rel=\"noopener\" title=\"\">D\u00eda de la Independencia <\/a>y <strong>una de las fechas se\u00f1aladas por los estadounidenses <\/strong>para dar rienda suelta a la barbacoa.&nbsp;<\/p>\n\n\n\n<p>En los \u00faltimos tiempos es cada vez m\u00e1s popular en Espa\u00f1a el arte de brasear alimentos, y no es raro que en fines de semana y fiestas de guardar sea com\u00fan olfatear con envidia los aromas provenientes de los patios o jardines de alg\u00fan vecino que en ese momento est\u00e1 ejerciendo el <strong>noble arte de \u201caparrillar\u201d carne o pescado<\/strong>, generalmente m\u00e1s carnes que alimentos del mar. Pues tengo que decir que, a mi juicio, ganamos a los norteamericanos por goleada en calidad de producto y, creo que tambi\u00e9n, en darle el punto a la comida, a no ser que seas de los que les gusta la chicha carbonizada al estilo Freddy Kruger.&nbsp;<\/p>\n\n\n\n<p>Siguiendo las directrices del maestro de las canciones veraniegas por antonomasia, <strong>Georgie Dann<\/strong>, que en paz descanse, en su m\u00edtica \u201cLa barbacoa\u201d, te voy a <strong>maridar una serie de alimentos nombrados en la canci\u00f3n con vinos <\/strong>que van a engrandecer el plato y te van a hacer salivar m\u00e1s que a un perrillo chico. Y lo mejor es que<a href=\"https:\/\/www.bodeboca.com\/?utm_source=blog&amp;utm_medium=referral&amp;utm_campaign=barbacoas-verano\" target=\"_blank\" rel=\"noopener\" title=\"\"> no tendr\u00e1s que gastar mucho<\/a> para obtenerlos.&nbsp;<\/p>\n\n\n\n<div class=\"wp-block-media-text alignwide has-media-on-the-right is-stacked-on-mobile\" style=\"grid-template-columns:auto 31%\"><div class=\"wp-block-media-text__content\">\n<h2 class=\"wp-block-heading\"><strong>Embutidos, quesos y encurtidos con cava, manzanilla o fino<\/strong><\/h2>\n\n\n\n<p><\/p>\n\n\n\n<p>Mientras preparamos las brasas (los que lo hemos hecho sabemos que lleva un tiempo) <strong>nada mejor que dar buena cuenta de un aperitivo para que nuestras papilas gustativas se vayan preparando<\/strong> ante la que se les viene encima. Jamoncito, embutidos ib\u00e9ricos, queso y encurtidos son perfectos para tal fin. <\/p>\n\n\n\n<p>Te doy tres posibilidades econ\u00f3micas que pegan perfectamente con estos entrantes: un cava como <strong><a href=\"https:\/\/www.bodeboca.com\/vino\/segura-viudas-brut-reserva?utm_source=blog&amp;utm_medium=referral&amp;utm_campaign=barbacoas-verano\" target=\"_blank\" rel=\"noopener\" title=\"\">Segura Viudas Reserva<\/a>, <a href=\"https:\/\/www.bodeboca.com\/vino\/fino-bertola?utm_source=blog&amp;utm_medium=referral&amp;utm_campaign=barbacoas-verano\" target=\"_blank\" rel=\"noopener\" title=\"\">Fino Bertola<\/a><\/strong> o<strong> <a href=\"https:\/\/www.bodeboca.com\/vino\/manzanilla-la-kika-375-cl?utm_source=blog&amp;utm_medium=referral&amp;utm_campaign=barbacoas-verano\" target=\"_blank\" rel=\"noopener\" title=\"\">Manzanilla La Kika<\/a><\/strong>. La frescura y buena acidez del primero y la sapidez y salinidad de los generosos son <strong>perfectos para amalgamar la grasilla<\/strong> y atemperar el vinagre de los encurtidos.&nbsp; <\/p>\n<\/div><figure class=\"wp-block-media-text__media\"><a href=\"https:\/\/www.bodeboca.com\/vino\/segura-viudas-brut-reserva\"><img loading=\"lazy\" decoding=\"async\" width=\"369\" height=\"585\" src=\"https:\/\/www.bodeboca.com\/blog\/wp-content\/uploads\/2023\/07\/bot-segura-viudas-brut-reserva-369x585.jpg\" alt=\"Botella de Segura Viudas Reserva\" class=\"wp-image-36680 size-full\" srcset=\"https:\/\/www.bodeboca.com\/blog\/wp-content\/uploads\/2023\/07\/bot-segura-viudas-brut-reserva-369x585.jpg 369w, https:\/\/www.bodeboca.com\/blog\/wp-content\/uploads\/2023\/07\/bot-segura-viudas-brut-reserva.jpg 504w\" sizes=\"(max-width: 369px) 100vw, 369px\" \/><\/a><\/figure><\/div>\n\n\n\n<div class=\"wp-block-media-text alignwide is-stacked-on-mobile is-vertically-aligned-top\" style=\"grid-template-columns:28% auto\"><figure class=\"wp-block-media-text__media\"><a href=\"https:\/\/www.bodeboca.com\/vino\/cucu-cantaba-rana-2024\"><img loading=\"lazy\" decoding=\"async\" width=\"369\" height=\"585\" src=\"https:\/\/www.bodeboca.com\/blog\/wp-content\/uploads\/2023\/07\/bot-cucu-2020-sa-369x585.jpg\" alt=\"Botella de Cuc\u00fa Cantaba la Rana\" class=\"wp-image-36695 size-full\" srcset=\"https:\/\/www.bodeboca.com\/blog\/wp-content\/uploads\/2023\/07\/bot-cucu-2020-sa-369x585.jpg 369w, https:\/\/www.bodeboca.com\/blog\/wp-content\/uploads\/2023\/07\/bot-cucu-2020-sa.jpg 504w\" sizes=\"(max-width: 369px) 100vw, 369px\" \/><\/a><\/figure><div class=\"wp-block-media-text__content\">\n<h2 class=\"wp-block-heading\"><strong>Brochetas de pollo o pavo con vino blanco&nbsp;<\/strong><\/h2>\n\n\n\n<p><\/p>\n\n\n\n<p>Cuando hacemos barbacoas suele hacer calor y hay que combatirlo con buena hidrataci\u00f3n (no se ha inventado nada mejor que el agua hasta el momento) y con <strong>vinos que se puedan tomar m\u00e1s fr\u00edos de lo habitual<\/strong>. <\/p>\n\n\n\n<p><a href=\"https:\/\/www.bodeboca.com\/vino\/cucu-cantaba-la-rana-2022??utm_source=blog&amp;utm_medium=referral&amp;utm_campaign=barbacoas-verano\" target=\"_blank\" rel=\"noopener\" title=\"\"><strong>Cuc\u00fa Cantaba la Rana<\/strong><\/a> es perfecto para tal menester. Un rueda nada cansino, pleno de frescura y matices que pegan con todo, y especialmente con unas brochetas jugosas.\u00a0<\/p>\n\n\n\n<p class=\"has-text-align-left\"><\/p>\n<\/div><\/div>\n\n\n\n<div class=\"wp-block-media-text alignwide has-media-on-the-right is-stacked-on-mobile\" style=\"grid-template-columns:auto 29%\"><div class=\"wp-block-media-text__content\">\n<p><\/p>\n\n\n\n<h2 class=\"wp-block-heading\"><strong>Chorizos parrilleros, salchichas, butifarra, morcilla, chistorra y panceta con un rosado malague\u00f1o <\/strong><\/h2>\n\n\n\n<p><\/p>\n\n\n\n<p>Estos platos con buen contenido en grasa y con mucho sabor especiado y suculento <strong>necesitan de un vino que contenga buena acidez y recuerdos afrutados <\/strong>que unidos ambos conceptos no decaigan ante comidas tan jugosas y contundentes. <\/p>\n\n\n\n<p><a href=\"https:\/\/www.bodeboca.com\/vino\/cortijo-los-aguilares-rosado-2022?utm_source=blog&amp;utm_medium=referral&amp;utm_campaign=barbacoas-verano\" target=\"_blank\" rel=\"noopener\" title=\"\"><strong>Cortijo Los Aguilares Rosado 2022<\/strong><\/a> es perfecto para ello porque su alegr\u00eda y frescura hacen que lo bebas con deleite y velocidad y su estupenda acidez nunca se achanta ante estos platos comenzadores de toda buena barbacoa que se precie.&nbsp;<\/p>\n<\/div><figure class=\"wp-block-media-text__media\"><img loading=\"lazy\" decoding=\"async\" width=\"369\" height=\"585\" src=\"https:\/\/www.bodeboca.com\/blog\/wp-content\/uploads\/2023\/07\/bot-cortijo-rosado-2016-369x585.jpg\" alt=\"Botella de Cortijo de los Aguilares Rosado\" class=\"wp-image-36707 size-full\" srcset=\"https:\/\/www.bodeboca.com\/blog\/wp-content\/uploads\/2023\/07\/bot-cortijo-rosado-2016-369x585.jpg 369w, https:\/\/www.bodeboca.com\/blog\/wp-content\/uploads\/2023\/07\/bot-cortijo-rosado-2016.jpg 504w\" sizes=\"(max-width: 369px) 100vw, 369px\" \/><\/figure><\/div>\n\n\n\n<div class=\"wp-block-media-text alignwide is-stacked-on-mobile is-vertically-aligned-top\" style=\"grid-template-columns:25% auto\"><figure class=\"wp-block-media-text__media\"><a href=\"https:\/\/www.bodeboca.com\/vino\/sola-fred-2024\"><img loading=\"lazy\" decoding=\"async\" width=\"369\" height=\"585\" src=\"https:\/\/www.bodeboca.com\/blog\/wp-content\/uploads\/2023\/07\/bot-sola-fred-2022-2-369x585.png\" alt=\"Botella de Sol\u00e0 Fred Tinto\" class=\"wp-image-36734 size-full\" srcset=\"https:\/\/www.bodeboca.com\/blog\/wp-content\/uploads\/2023\/07\/bot-sola-fred-2022-2-369x585.png 369w, https:\/\/www.bodeboca.com\/blog\/wp-content\/uploads\/2023\/07\/bot-sola-fred-2022-2.png 504w\" sizes=\"(max-width: 369px) 100vw, 369px\" \/><\/a><\/figure><div class=\"wp-block-media-text__content\">\n<h2 class=\"wp-block-heading\"><strong>Costillas o churrasco con un tinto de Montsant jovial<\/strong><\/h2>\n\n\n\n<p><\/p>\n\n\n\n<p>En muchas ocasiones estas carnes se nos presentan adobadas o ba\u00f1adas en salsas un punto dulzonas, picantes o especiadas, y necesitan de un tinto que se compenetre con ellas como <a href=\"https:\/\/www.bodeboca.com\/vino\/sola-fred-2022?utm_source=blog&amp;utm_medium=referral&amp;utm_campaign=barbacoas-verano\" target=\"_blank\" rel=\"noopener\" title=\"\"><strong>Sol\u00e0 Fred<\/strong>,<\/a> fresco y con volumen que engancha al primer sorbo. Un cari\u00f1ena extraordinario que te va a conquistar.<\/p>\n<\/div><\/div>\n\n\n\n<div class=\"wp-block-media-text alignwide has-media-on-the-right is-stacked-on-mobile is-vertically-aligned-top\" style=\"grid-template-columns:auto 30%\"><div class=\"wp-block-media-text__content\">\n<h2 class=\"wp-block-heading\"><strong>Chuletas de cordero con un tinto riojano<\/strong><\/h2>\n\n\n\n<p><\/p>\n\n\n\n<p><strong>Si hablamos de chuletillas de cordero hay que trasladarse a La Rioja<\/strong>, uno de sus lugares de referencia, ya que \u00e9stas no pueden faltar en una buena comida compartida que se precie. Y una de las bodegas m\u00edticas que m\u00e1s apuesta por este plato es <strong><a href=\"https:\/\/www.bodeboca.com\/bodegas\/bodegas-muga?utm_source=blog&amp;utm_medium=referral&amp;utm_campaign=barbacoas-verano\" target=\"_blank\" rel=\"noopener\" title=\"\">Muga<\/a><\/strong>, que agasaja a muchos de sus invitados con este manjar preparado a la brasa sobre sarmientos. <\/p>\n\n\n\n<p>Por tanto, hay que elegir uno de sus vinos para maridarlas. Yo personalmente me decanto por el tinto<a href=\"https:\/\/www.bodeboca.com\/vino\/muga-el-anden-la-estacion-2019?utm_source=blog&amp;utm_medium=referral&amp;utm_campaign=barbacoas-verano\" target=\"_blank\" rel=\"noopener\" title=\"\"><strong> El And\u00e9n de la Estaci\u00f3n<\/strong><\/a>, <strong>fresco, moderno y con una acidez perfecta <\/strong>para combinar con estas chuletitas de lechal.\u00a0<\/p>\n<\/div><figure class=\"wp-block-media-text__media\"><a href=\"https:\/\/www.bodeboca.com\/vino\/muga-el-anden-estacion-2022\"><img loading=\"lazy\" decoding=\"async\" width=\"369\" height=\"585\" src=\"https:\/\/www.bodeboca.com\/blog\/wp-content\/uploads\/2023\/07\/bot-andendelaestacion-2018-369x585.jpg\" alt=\"Botella de El And\u00e9n de la Estaci\u00f3n de Muga\" class=\"wp-image-36743 size-full\" srcset=\"https:\/\/www.bodeboca.com\/blog\/wp-content\/uploads\/2023\/07\/bot-andendelaestacion-2018-369x585.jpg 369w, https:\/\/www.bodeboca.com\/blog\/wp-content\/uploads\/2023\/07\/bot-andendelaestacion-2018.jpg 504w\" sizes=\"(max-width: 369px) 100vw, 369px\" \/><\/a><\/figure><\/div>\n\n\n\n<div class=\"wp-block-media-text alignwide is-stacked-on-mobile\" style=\"grid-template-columns:30% auto\"><figure class=\"wp-block-media-text__media\"><a href=\"https:\/\/www.bodeboca.com\/vino\/parada-atauta-2022\"><img loading=\"lazy\" decoding=\"async\" width=\"369\" height=\"585\" src=\"https:\/\/www.bodeboca.com\/blog\/wp-content\/uploads\/2023\/07\/bot-parada-de-atauta-2019-5-369x585.jpg\" alt=\"Botella de Parada de Atauta\" class=\"wp-image-36767 size-full\" srcset=\"https:\/\/www.bodeboca.com\/blog\/wp-content\/uploads\/2023\/07\/bot-parada-de-atauta-2019-5-369x585.jpg 369w, https:\/\/www.bodeboca.com\/blog\/wp-content\/uploads\/2023\/07\/bot-parada-de-atauta-2019-5.jpg 504w\" sizes=\"(max-width: 369px) 100vw, 369px\" \/><\/a><\/figure><div class=\"wp-block-media-text__content\">\n<p><\/p>\n\n\n\n<h2 class=\"wp-block-heading\"><strong>Chulet\u00f3n, entrecot y hamburguesa con un tinto de Ribera del Duero&nbsp;<\/strong><\/h2>\n\n\n\n<p><\/p>\n\n\n\n<p>S\u00f3lo con nombrar estos platos ya empezamos a sentir una salivaci\u00f3n especial. <strong>Estamos ante los reyes de la parrilla veraniega<\/strong>. Quien dice estos cortes puede extenderlos a otros igualmente apetitosos como entra\u00f1a, pica\u00f1a, solomillo, vac\u00edo, lomo o asado de tira entre otros. <\/p>\n\n\n\n<p>Pues el vino que les va como anillo al dedo es el fabuloso <a href=\"https:\/\/www.bodeboca.com\/vino\/parada-atauta-2019\"><strong>P<\/strong><\/a><a href=\"https:\/\/www.bodeboca.com\/vino\/parada-atauta-2019?utm_source=blog&amp;utm_medium=referral&amp;utm_campaign=barbacoas-verano\" target=\"_blank\" rel=\"noopener\" title=\"\"><strong>arada de Atauta<\/strong><\/a>, un <strong>ribera soriano <\/strong>que es plena sedosidad y frescura, y resulta perfecto para \u201cdesintegrar\u201d la grasa de estas carnes.\u00a0<\/p>\n\n\n\n<p><\/p>\n<\/div><\/div>\n\n\n\n<p><strong>Espero que pongas en pr\u00e1ctica estas combinaciones y que las puedas disfrutar en buena compa\u00f1\u00eda<\/strong>. Y ya sabes, en estas fechas no es ning\u00fan sacrilegio poner todos los vinos a temperaturas m\u00e1s bajas de lo habitual para que sean m\u00e1s disfrutables y te sienten mejor. <em>\u00a1La barbacoa, la barbacoa, como me gusta. la barbecue\u2026!&nbsp;<\/em><\/p>\n<div id=\"themify_builder_content-36662\" data-postid=\"36662\" class=\"themify_builder_content themify_builder_content-36662 themify_builder themify_builder_front\">\n\t<\/div>\n<!-- \/themify_builder_content -->","protected":false},"excerpt":{"rendered":"<p>Te recomendamos una serie de vinos con platos de barbacoa para disfrutar al aire libre.<\/p>\n","protected":false},"author":15,"featured_media":36794,"comment_status":"open","ping_status":"closed","sticky":false,"template":"","format":"standard","meta":{"footnotes":""},"categories":[2201,1749],"tags":[6017,496,33,197,6020,6035,6041,6014,2431,6029,2035,6044,6023,5705,978,6026,6047,636,2189,6038,694,47,23,66,6011,6050,6032,41],"aioseo_notices":[],"_links":{"self":[{"href":"https:\/\/www.bodeboca.com\/blog\/wp-json\/wp\/v2\/posts\/36662"}],"collection":[{"href":"https:\/\/www.bodeboca.com\/blog\/wp-json\/wp\/v2\/posts"}],"about":[{"href":"https:\/\/www.bodeboca.com\/blog\/wp-json\/wp\/v2\/types\/post"}],"author":[{"embeddable":true,"href":"https:\/\/www.bodeboca.com\/blog\/wp-json\/wp\/v2\/users\/15"}],"replies":[{"embeddable":true,"href":"https:\/\/www.bodeboca.com\/blog\/wp-json\/wp\/v2\/comments?post=36662"}],"version-history":[{"count":35,"href":"https:\/\/www.bodeboca.com\/blog\/wp-json\/wp\/v2\/posts\/36662\/revisions"}],"predecessor-version":[{"id":59907,"href":"https:\/\/www.bodeboca.com\/blog\/wp-json\/wp\/v2\/posts\/36662\/revisions\/59907"}],"wp:featuredmedia":[{"embeddable":true,"href":"https:\/\/www.bodeboca.com\/blog\/wp-json\/wp\/v2\/media\/36794"}],"wp:attachment":[{"href":"https:\/\/www.bodeboca.com\/blog\/wp-json\/wp\/v2\/media?parent=36662"}],"wp:term":[{"taxonomy":"category","embeddable":true,"href":"https:\/\/www.bodeboca.com\/blog\/wp-json\/wp\/v2\/categories?post=36662"},{"taxonomy":"post_tag","embeddable":true,"href":"https:\/\/www.bodeboca.com\/blog\/wp-json\/wp\/v2\/tags?post=36662"}],"curies":[{"name":"wp","href":"https:\/\/api.w.org\/{rel}","templated":true}]}}