{"id":31211,"date":"2023-03-24T12:30:00","date_gmt":"2023-03-24T10:30:00","guid":{"rendered":"https:\/\/www.bodeboca.com\/blog\/?p=31211"},"modified":"2024-04-19T14:42:51","modified_gmt":"2024-04-19T12:42:51","slug":"agusti-torello-roca-al-rescate-del-penedes","status":"publish","type":"post","link":"https:\/\/www.bodeboca.com\/blog\/agusti-torello-roca-al-rescate-del-penedes\/","title":{"rendered":"Agust\u00ed Torell\u00f3 Roca: al rescate del Pened\u00e9s"},"content":{"rendered":"\n<h2 class=\"wp-block-heading\" id=\"en-bodeboca-queremos-acercaros-los-proyectos-mas-interesantes-de-vinadores-que-estan-dando-que-hablar-y-que-hemos-reunido-en-nuestra-coleccion-de-jovenes-promesas-este-es-uno-de-ellos\"><em>En Bodeboca queremos acercaros los proyectos m\u00e1s interesantes de vi\u00f1adores que est\u00e1n dando que hablar y que hemos reunido en nuestra <\/em><a href=\"https:\/\/www.bodeboca.com\/jovenes-promesas?utm_source=blog&amp;utm_medium=referral&amp;utm_campaign=agust%C3%AD-torell%C3%B3-mata\" target=\"_blank\" rel=\"noopener\" title=\"\">Colecci\u00f3n de J\u00f3venes Promesas<\/a><em>.<\/em><strong><em> <\/em><\/strong>\u00c9ste es uno de ellos.<\/h2>\n\n\n\n<p><\/p>\n\n\n\n<p>Y lo hace desde <strong><a href=\"https:\/\/www.bodeboca.com\/bodegas\/roca-anima-mundi?utm_source=blog&amp;utm_medium=referral&amp;utm_campaign=agust\u00ed-torell\u00f3-roca\" target=\"_blank\" rel=\"noreferrer noopener\" title=\"AT Roca\">AT Roca<\/a><\/strong>, el proyecto compartido con su padre, Agust\u00ed Torell\u00f3 Sibil, del que hace pocos a\u00f1os surgi\u00f3 una nueva rama, <strong><a href=\"https:\/\/www.bodeboca.com\/bodegas\/roca-anima-mundi?utm_source=blog&amp;utm_medium=referral&amp;utm_campaign=agust%C3%AD-torell%C3%B3-roca\" target=\"_blank\" rel=\"noreferrer noopener\" title=\"\u00c1nima Mundi\">\u00c1nima Mundi<\/a><\/strong>, la m\u00e1s personal de nuestro protagonista, donde est\u00e1n grabadas a fuego las palabras: \u201cm\u00ednima intervenci\u00f3n\u201d, dejando el absoluto protagonismo al vi\u00f1edo, a la naturaleza.&nbsp;<\/p>\n\n\n\n<p>Se trata de los dos lados de una misma moneda, en el que una cara es <a href=\"https:\/\/www.bodeboca.com\/bodegas\/roca-anima-mundi?utm_source=blog&amp;utm_medium=referral&amp;utm_campaign=agust%C3%AD-torell%C3%B3-roca\" target=\"_blank\" rel=\"noreferrer noopener\" title=\"AT Roca\">AT Roca<\/a>, donde el vi\u00f1edo de 18 hect\u00e1reas est\u00e1 controlado por dos viticultores, aunque no certificado como ecol\u00f3gico a pesar de que se llevan a cabo muchas actuaciones en ese sentido. All\u00ed se trabajan la <strong>Macabeo<\/strong>, la <strong>Xarel\u00b7lo<\/strong>, la <strong>Garnacha<\/strong> y desde hace poco se est\u00e1 buscando la recuperaci\u00f3n de la hist\u00f3rica <strong>Malvas\u00eda de Sitges<\/strong>. En el caso de <a href=\"https:\/\/www.bodeboca.com\/bodegas\/roca-anima-mundi?utm_source=blog&amp;utm_medium=referral&amp;utm_campaign=agust%C3%AD-torell%C3%B3-roca\" target=\"_blank\" rel=\"noreferrer noopener\" title=\"\u00c1nima Mundi\">\u00c1nima Mundi<\/a> solamente se cultiva Macabeo y Xarel\u00b7lo en sus <strong>12 hect\u00e1reas de terreno certificado como ecol\u00f3gico donde se practica la viticultura regenerativa<\/strong> y cada vino proviene de una parcela propia, todas orientadas al norte y plantadas en suelos calc\u00e1reos en pleno valle de la sierra del <a href=\"https:\/\/www.bodeboca.com\/vino\/espana\/cataluna\/penedes?utm_source=blog&amp;utm_medium=referral&amp;utm_campaign=agust\u00ed-torell\u00f3-roca\" target=\"_blank\" rel=\"noreferrer noopener\" title=\"Pened\u00e9s\">Pened\u00e9s<\/a>. El resultado son vinos tensos, lo que desde hace un tiempo lleva buscando Agust\u00ed.&nbsp;<\/p>\n\n\n\n<p>El viticultor tiene 32 a\u00f1os y desde siempre ha estado involucrado en el mundo del vino, algo l\u00f3gico sabiendo que <strong>proviene de una de las mayores sagas vin\u00edcolas de Catalu\u00f1a<\/strong>. Curs\u00f3 estudios de Enolog\u00eda en Tarragona, y cuando acab\u00f3 lo primero que hizo fue marcharse a <a href=\"https:\/\/www.bodeboca.com\/vino\/francia\/champagne\/champagne?utm_source=blog&amp;utm_medium=referral&amp;utm_campaign=agust\u00ed-torell\u00f3-roca\" target=\"_blank\" rel=\"noreferrer noopener\" title=\"Champagne\">Champagne<\/a> para aprender todo lo que le pod\u00eda ense\u00f1ar <strong>Bruno Michel<\/strong>, y eso es mucho. Estuvo junto a \u00e9l durante 2012 y pudo contemplar de primera mano el giro de tuerca del franc\u00e9s a la hora de elaborar <em>champagnes<\/em>, donde lo principal ya no era el sacrosanto m\u00e9todo tradicional sino la calidad del <em>terroir<\/em>, el <strong>que las uvas fueran muy especiales para dotar a sus espumosos de algo m\u00e1s, de una conexi\u00f3n con la tierra<\/strong>. Junto al peque\u00f1o viticultor biodin\u00e1mico, aprendi\u00f3, en sus propias palabras, \u201ca hablar m\u00e1s de viticultura, de origen, de identidad. Fue un cambio de chip y de paradigma\u201d.&nbsp;<\/p>\n\n\n\n<p>Para completar su formaci\u00f3n decidi\u00f3 seguir avanzando y se march\u00f3 ocho meses a Mendoza, al Valle de Uco, donde se asienta la bodega <strong><a href=\"https:\/\/www.bodeboca.com\/bodegas\/zuccardi?utm_source=blog&amp;utm_medium=referral&amp;utm_campaign=agust\u00ed-torell\u00f3-roca\" target=\"_blank\" rel=\"noreferrer noopener\" title=\"Zuccardi\">Zuccardi<\/a><\/strong>, para empaparse del componente que ahora intenta impulsar en el Pened\u00e9s, el de <strong>salvaguardar y categorizar los suelos, los parajes<\/strong>, para darle la importancia debida a la herencia recibida y mejorarla con un mayor \u00e9nfasis en lo at\u00e1vico m\u00e1s que en lo tecnol\u00f3gico. Torell\u00f3 Roca comenta \u201cme abri\u00f3 mucho la mente a la hora de entender que aqu\u00ed tenemos tesoros \u00fanicos. Espa\u00f1a a nivel vit\u00edcola re\u00fane los grandes ingredientes de un gran pa\u00eds productor: clima, suelos, parte hist\u00f3rica. En Argentina me di cuenta del \u00edmpetu que estaban mostrando en intentar reivindicar la Malbec y categorizar los suelos, los parajes. Fue un punto de inflexi\u00f3n en mi vida\u201d.<\/p>\n\n\n\n<p>El futuro del Pened\u00e9s lo est\u00e1 escribiendo en este momento este joven en\u00f3logo y viticultor que <strong>quiere posicionar a su regi\u00f3n entre las m\u00e1s grandes del mundo<\/strong>, porque seg\u00fan \u00e9l tiene todas las papeletas para serlo si se la trata como se debe, con una b\u00fasqueda de la calidad, s\u00ed, pero con un componente de unicidad, de idiosincrasia propia que la distingan del resto: <strong>deben primar los suelos y las uvas, el terru\u00f1o, por encima de la labor en bodega<\/strong>, debe haber una min\u00fascula intervenci\u00f3n humana en el proceso de elaboraci\u00f3n, debe ser un dogma el cuidado absoluto del ecosistema y dejar el m\u00ednimo impacto en el lugar, debe ser una b\u00fasqueda de una identidad propia que los aficionados persigan porque sus vinos les hablen de verdad, de vida. Bill Clinton gan\u00f3 unas elecciones a la presidencia de los Estados Unidos con aquella famosa frase de \u201ces la econom\u00eda, est\u00fapido\u201d. Seguramente que Agust\u00ed estar\u00e1 de acuerdo conmigo si decimos \u201ces el vi\u00f1edo, est\u00fapido\u201d, el que da valor y diferenciaci\u00f3n a los vinos.&nbsp;<\/p>\n\n\n\n<p>Por todo lo anterior, Torell\u00f3 Roca est\u00e1 creando sus espumosos en <a href=\"https:\/\/www.bodeboca.com\/bodegas\/roca-anima-mundi?utm_source=blog&amp;utm_medium=referral&amp;utm_campaign=agust%C3%AD-torell%C3%B3-roca\" target=\"_blank\" rel=\"noreferrer noopener\" title=\"AT Roca\">AT Roca<\/a> sin estar tan pendiente del m\u00e9todo, de las directrices homog\u00e9neas que usa casi todo el mundo. De ah\u00ed que ya no est\u00e9n bajo el paraguas de la <a href=\"https:\/\/www.bodeboca.com\/vino\/espana\/spain\/cava?utm_source=blog&amp;utm_medium=referral&amp;utm_campaign=agust\u00ed-torell\u00f3-roca\" target=\"_blank\" rel=\"noreferrer noopener\" title=\"D.O. Cava,\">D.O. Cava,<\/a> que vayan por libre. Todos los vinos son brut nature, se emplea mosto concentrado y nunca az\u00facar de ca\u00f1a ni remolacha. Y en la vertiente <a href=\"https:\/\/www.bodeboca.com\/bodegas\/roca-anima-mundi?utm_source=blog&amp;utm_medium=referral&amp;utm_campaign=agust%C3%AD-torell%C3%B3-roca\" target=\"_blank\" rel=\"noreferrer noopener\" title=\"\u00c1nima Mundi\">\u00c1nima Mundi<\/a>, nacida en 2016 casi como un laboratorio donde impulsar lo que Agust\u00ed buscaba en un vino, donde todo lo establecido se cuestionara y se elaborara sin filtraciones, clarificaciones, ni empleo de sulfitos. En definitiva, \u201cdar un paso m\u00e1s all\u00e1 de la ecolog\u00eda para entender el suelo como un elemento vivo en sinton\u00eda con el entorno\u201d. Con ello pretende dar con vinos m\u00e1s honestos, naturales, donde la mano del en\u00f3logo no prime jam\u00e1s, sino que solo sea un soporte. El futuro ya est\u00e1 aqu\u00ed y, parad\u00f3jicamente, en este caso, es una vuelta a los or\u00edgenes, la de una<strong> viticultura que sepa condensar un paisaje en una botella<\/strong>.&nbsp;&nbsp;<\/p>\n\n\n\n<div class=\"wp-block-media-text alignwide is-stacked-on-mobile\" style=\"grid-template-columns:24% auto\"><figure class=\"wp-block-media-text__media\"><a href=\"https:\/\/www.bodeboca.com\/vino\/la-servil-2021?utm_source=blog&amp;utm_medium=referral&amp;utm_campaign=stratumwinesbybodegacerron\" target=\"_blank\" rel=\"noopener\"><img loading=\"lazy\" decoding=\"async\" width=\"293\" height=\"585\" src=\"https:\/\/www.bodeboca.com\/blog\/wp-content\/uploads\/2023\/03\/PEDREGAR-2016-293x585.jpg\" alt=\"\" class=\"wp-image-31346 size-full\" srcset=\"https:\/\/www.bodeboca.com\/blog\/wp-content\/uploads\/2023\/03\/PEDREGAR-2016-293x585.jpg 293w, https:\/\/www.bodeboca.com\/blog\/wp-content\/uploads\/2023\/03\/PEDREGAR-2016-768x1536.jpg 768w, https:\/\/www.bodeboca.com\/blog\/wp-content\/uploads\/2023\/03\/PEDREGAR-2016-1024x2048.jpg 1024w, https:\/\/www.bodeboca.com\/blog\/wp-content\/uploads\/2023\/03\/PEDREGAR-2016-scaled.jpg 1280w\" sizes=\"(max-width: 293px) 100vw, 293px\" \/><\/a><\/figure><div class=\"wp-block-media-text__content\">\n<h3 class=\"wp-block-heading\" id=\"pedregar-2016\"><a href=\"https:\/\/www.bodeboca.com\/vino\/pedregar-2016?utm_source=blog&amp;utm_medium=referral&amp;utm_campaign=agust\u00ed-torell\u00f3-roca\" target=\"_blank\" rel=\"noreferrer noopener\" title=\"Pedregar 2016\">Pedregar 2016<\/a><\/h3>\n\n\n\n<p>Este espumoso rosado de una parcela \u00fanica toma el nombre de la vi\u00f1a donde nace, un vi\u00f1edo de 35 a\u00f1os de Garnacha y Macabeo plantado sobre margas calcar\u00edas. Su orientaci\u00f3n lo dota de mucha frescura durante todo el d\u00eda.<strong>&nbsp;Brut Nature cl\u00e1sico de la mejor zona del Pened\u00e9s<\/strong>, la Conca Central.&nbsp;Intenso, complejo, con aromas de fruta de hueso y c\u00edtricos sobre un fondo de pasteler\u00eda. Y en el paladar es fresco y mineral con la burbuja fina e integrada. Amplio y cremoso.<\/p>\n<\/div><\/div>\n\n\n\n<div class=\"wp-block-media-text alignwide has-media-on-the-right is-stacked-on-mobile\" style=\"grid-template-columns:auto 27%\"><div class=\"wp-block-media-text__content\">\n<h3 class=\"wp-block-heading\" id=\"anima-mundi-cami-dels-xops-2022\"><a href=\"https:\/\/www.bodeboca.com\/vino\/anima-mundi-cami-dels-xops-2022?utm_source=blog&amp;utm_medium=referral&amp;utm_campaign=agust\u00ed-torell\u00f3-roca\" target=\"_blank\" rel=\"noreferrer noopener\" title=\"\u00c1nima Mundi Cam\u00ed dels Xops 2022\">\u00c1nima Mundi Cam\u00ed dels Xops 2022<\/a><\/h3>\n\n\n\n<p>Espumoso elaborado siguiendo el&nbsp;<strong>m\u00e9todo ancestral<\/strong>&nbsp;y que ha sido envejecido por poco tiempo en barricas de roble franc\u00e9s y dep\u00f3sitos de acero inoxidable. Todo el proceso se lleva a cabo en la propiedad. <strong>Creado por Agust\u00ed Torell\u00f3 Roca<\/strong> bajo el par\u00e1metro de la m\u00ednima intervenci\u00f3n y solo con el empleo de uvas procedentes de vi\u00f1edos certificados como ecol\u00f3gicos en la zona del Alt Pened\u00e8s.&nbsp;&nbsp;&nbsp;&nbsp;<\/p>\n<\/div><figure class=\"wp-block-media-text__media\"><a href=\"https:\/\/www.bodeboca.com\/vino\/los-yesares-2021?utm_source=blog&amp;utm_medium=referral&amp;utm_campaign=stratumwinesbybodegacerron\" target=\"_blank\" rel=\"noopener\"><img loading=\"lazy\" decoding=\"async\" width=\"369\" height=\"585\" src=\"https:\/\/www.bodeboca.com\/blog\/wp-content\/uploads\/2023\/03\/bot-anima-mundi-cami-dels-xops-2022-369x585.jpg\" alt=\"\" class=\"wp-image-31238 size-full\" srcset=\"https:\/\/www.bodeboca.com\/blog\/wp-content\/uploads\/2023\/03\/bot-anima-mundi-cami-dels-xops-2022-369x585.jpg 369w, https:\/\/www.bodeboca.com\/blog\/wp-content\/uploads\/2023\/03\/bot-anima-mundi-cami-dels-xops-2022.jpg 504w\" sizes=\"(max-width: 369px) 100vw, 369px\" \/><\/a><\/figure><\/div>\n\n\n\n<p>Puedes encontrar los vinos de este elaborador en <a href=\"https:\/\/www.bodeboca.com\/jovenes-promesas?utm_source=blog&amp;utm_medium=referral&amp;utm_campaign=agust\u00ed-torell\u00f3-mata\" target=\"_blank\" rel=\"noreferrer noopener\" title=\"Colecci\u00f3n de J\u00f3venes Promesas\">Colecci\u00f3n de J\u00f3venes Promesas<\/a><\/p>\n<div id=\"themify_builder_content-31211\" data-postid=\"31211\" class=\"themify_builder_content themify_builder_content-31211 themify_builder themify_builder_front\">\n\t\n\t\t\t<!-- module_row -->\n\t\t\t<div data-gutter=\"gutter-default\" class=\"themify_builder_row module_row module_row_0 clearfix gutter-default\" >\n\n\t\t\t\t\n\t\t\t\t\t\t\t\t\t<div class=\"builder_row_cover\"  ><\/div>\n\t\t\t\t\n\t\t\t\t\n\t\t\t\t<div class=\"row_inner_wrapper\">\n\t\t\t\t\t<div class=\"row_inner\">\n\n\t\t\t\t\t\t\n\t\t\t\t\t\t\n\t\t\t\t\t\t\n\t\t\t\t\t\t<div class=\"themify_builder_col col-full first last\">\n\t\t\t\t\t\t\t\t\t\t\t\t\t\t\t\n\t\t\t\t\t\t\t\t&nbsp;\t\t\t\t\t\t\t\n\t\t\t\t\t\t\t\t\t\t\t\t\t<\/div>\n\t\t\t\t\t\t<!-- \/col -->\n\n\t\t\t\t\t\t\n\t\t\t\t\t\t\t\t\t\t\t\t\n\t\t\t\t\t\t\t\t\t\t\t\n\t\t\t\t\t<\/div>\n\t\t\t\t\t<!-- \/row_inner -->\n\t\t\t\t<\/div>\n\t\t\t<!-- \/row_inner_wrapper -->\n\t\t\t<\/div>\n\t\t\t<!-- \/module_row -->\n\t\t\t\n<\/div>\n<!-- \/themify_builder_content -->","protected":false},"excerpt":{"rendered":"<p>En Bodeboca queremos acercaros los proyectos m\u00e1s interesantes de vi\u00f1adores que est\u00e1n dando que hablar y que hemos reunido en nuestra Colecci\u00f3n de J\u00f3venes Promesas. \u00c9ste es uno de ellos. Y lo hace desde AT Roca, el proyecto compartido con su padre, Agust\u00ed Torell\u00f3 Sibil, del que hace pocos a\u00f1os surgi\u00f3 una nueva rama, \u00c1nima [&hellip;]<\/p>\n","protected":false},"author":15,"featured_media":31301,"comment_status":"open","ping_status":"closed","sticky":false,"template":"","format":"standard","meta":{"footnotes":""},"categories":[129,4976],"tags":[387,5360,5363,5348,5345,157,33,2972,196,5366,235,199,68,5375,41,607,3829,5372],"aioseo_notices":[],"_links":{"self":[{"href":"https:\/\/www.bodeboca.com\/blog\/wp-json\/wp\/v2\/posts\/31211"}],"collection":[{"href":"https:\/\/www.bodeboca.com\/blog\/wp-json\/wp\/v2\/posts"}],"about":[{"href":"https:\/\/www.bodeboca.com\/blog\/wp-json\/wp\/v2\/types\/post"}],"author":[{"embeddable":true,"href":"https:\/\/www.bodeboca.com\/blog\/wp-json\/wp\/v2\/users\/15"}],"replies":[{"embeddable":true,"href":"https:\/\/www.bodeboca.com\/blog\/wp-json\/wp\/v2\/comments?post=31211"}],"version-history":[{"count":27,"href":"https:\/\/www.bodeboca.com\/blog\/wp-json\/wp\/v2\/posts\/31211\/revisions"}],"predecessor-version":[{"id":47684,"href":"https:\/\/www.bodeboca.com\/blog\/wp-json\/wp\/v2\/posts\/31211\/revisions\/47684"}],"wp:featuredmedia":[{"embeddable":true,"href":"https:\/\/www.bodeboca.com\/blog\/wp-json\/wp\/v2\/media\/31301"}],"wp:attachment":[{"href":"https:\/\/www.bodeboca.com\/blog\/wp-json\/wp\/v2\/media?parent=31211"}],"wp:term":[{"taxonomy":"category","embeddable":true,"href":"https:\/\/www.bodeboca.com\/blog\/wp-json\/wp\/v2\/categories?post=31211"},{"taxonomy":"post_tag","embeddable":true,"href":"https:\/\/www.bodeboca.com\/blog\/wp-json\/wp\/v2\/tags?post=31211"}],"curies":[{"name":"wp","href":"https:\/\/api.w.org\/{rel}","templated":true}]}}