{"id":16954,"date":"2020-11-23T19:31:07","date_gmt":"2020-11-23T17:31:07","guid":{"rendered":"https:\/\/www.bodeboca.com\/blog\/?p=16954"},"modified":"2020-11-23T19:31:08","modified_gmt":"2020-11-23T17:31:08","slug":"jose-manuel-perez-ovejas","status":"publish","type":"post","link":"https:\/\/www.bodeboca.com\/blog\/jose-manuel-perez-ovejas\/","title":{"rendered":"Jos\u00e9 Manuel P\u00e9rez Ovejas, en\u00f3logo y asesor t\u00e9cnico de Juv\u00e9 &#038; Camps"},"content":{"rendered":"\n<p>Con m\u00e1s de una treintena de vendimias a su espalda, una Ingenier\u00eda T\u00e9cnica Agr\u00edcola y un m\u00e1ster en Viticultura y Enolog\u00eda, adem\u00e1s de un apellido que respira vino por los cuatro costados, <strong>Jos\u00e9 Manuel P\u00e9rez Ovejas<\/strong> (Pedrosa de Duero, 1965) es uno de los en\u00f3logos m\u00e1s admirados del panorama espa\u00f1ol. Hijo y nieto de viticultores y bodegueros, su trayectoria estuvo ligada hasta marzo de 2019 a la bodega ribere\u00f1a <a rel=\"noreferrer noopener\" aria-label=\"Hermanos P\u00e9rez Pascuas (se abre en una nueva pesta\u00f1a)\" href=\"https:\/\/www.bodeboca.com\/bodegas\/vina-pedrosa?utm_source=blog&amp;utm_medium=referral&amp;utm_campaign=perezovejas\" target=\"_blank\">Hermanos P\u00e9rez Pascuas<\/a>. Un a\u00f1o despu\u00e9s decidi\u00f3 apostar por el <strong>Grupo J&amp;C Prime Brands<\/strong> \u2014liderado por la familia Juv\u00e9 e integrado por las marcas <a rel=\"noreferrer noopener\" aria-label=\" Juv\u00e9 &amp; Camps (se abre en una nueva pesta\u00f1a)\" href=\"https:\/\/www.bodeboca.com\/bodegas\/juve-camps?utm_source=blog&amp;utm_medium=referral&amp;utm_campaign=perezovejas\" target=\"_blank\">Juv\u00e9 &amp; Camps<\/a>, <a href=\"https:\/\/www.bodeboca.com\/bodegas\/propietat-d-espiells?utm_source=blog&amp;utm_medium=referral&amp;utm_campaign=perezovejas\" target=\"_blank\" rel=\"noreferrer noopener\" aria-label=\"Propietat d\u2019Espiells (se abre en una nueva pesta\u00f1a)\">Propietat d\u2019Espiells<\/a>, Primeras Marcas y <a href=\"https:\/\/www.bodeboca.com\/bodegas\/pagos-anguix?utm_source=blog&amp;utm_medium=referral&amp;utm_campaign=perezovejas\" target=\"_blank\" rel=\"noreferrer noopener\" aria-label=\"Pagos de Anguix (se abre en una nueva pesta\u00f1a)\">Pagos de Anguix<\/a>\u2014 donde ahora ejerce de asesor t\u00e9cnico corporativo.<\/p>\n\n\n\n<p><strong>Siendo hijo y nieto de viticultores y bodegueros, fue el \u00fanico de sus hermanos que decidi\u00f3 dedicarse profesionalmente al mundo del vino y continuar el legado de su familia. \u00bfPor qu\u00e9 no prefiri\u00f3 dedicarse a otra cosa?<\/strong><\/p>\n\n\n\n<p>Como se suele decir, <strong>nac\u00ed pr\u00e1cticamente debajo de una cepa<\/strong>. Tener ciertas vivencias de peque\u00f1o con mi padre me marcaron mucho a la hora de tomar mi camino profesional, aunque fue una decisi\u00f3n totalmente libre. As\u00ed, desde que empec\u00e9 la ingenier\u00eda entend\u00ed que este era el mundo en el que quer\u00eda vivir y mi objetivo fue formarme adecuadamente para elaborar un grand\u00edsimo vino, pues no quer\u00eda quedarme en el medio camino. Mis hermanos fueron por otros derroteros como el Derecho o la Educaci\u00f3n, pero yo en 1989 ya estaba elaborando vino, as\u00ed que <strong>son ya 31 a\u00f1os dedicados a esta profesi\u00f3n que tanto quiero<\/strong>.&nbsp;<\/p>\n\n\n\n<p><strong>\u00bfQu\u00e9 es lo m\u00e1s importante que ha aprendido de su abuelo Mauro P\u00e9rez, que en 1957 impuls\u00f3 la cooperativa de Pedrosa de Duero, y de su padre Benjam\u00edn P\u00e9rez Pascuas?<\/strong><\/p>\n\n\n\n<p>Sobre todo la pasi\u00f3n por las cosas bien hechas, y saber que<strong> para conseguir algo hay que trabajar con sacrificio, inteligencia y determinaci\u00f3n<\/strong>, sin bajar nunca los brazos ni dar nada por perdido. Eso lo aprend\u00ed de los dos. He visto a mi padre trabajar de sol a sol, acometer importantes inversiones y hacer cosas diferentes a lo que hac\u00edan los dem\u00e1s. Yo desde el principio tuve claro que quer\u00eda hacer vinos con una personalidad muy marcada. Hoy en d\u00eda, hacer un buen vino con los conocimientos y la maquinaria que existe es f\u00e1cil, pero <strong>hacer un gran vino es m\u00e1s dif\u00edcil porque hay que poner en valor otros detalles tanto en la vi\u00f1a como en la elaboraci\u00f3n, que son los que marcan la diferencia<\/strong>. Es cierto que un buen vino nace en la vi\u00f1a, pero luego hay que saber conducirlo hasta que finalmente se embotella.&nbsp;<\/p>\n\n\n\n<p><strong>Su familia fue impulsora de la creaci\u00f3n de la <a href=\"https:\/\/www.bodeboca.com\/vino\/espana\/castilla-y-leon\/ribera-duero?utm_source=blog&amp;utm_medium=referral&amp;utm_campaign=perezovejas\" target=\"_blank\" rel=\"noreferrer noopener\" aria-label=\"D.O. Ribera del Duero  (se abre en una nueva pesta\u00f1a)\">D.O. Ribera del Duero<\/a> en 1982. Han pasado casi 40 a\u00f1os desde entonces y la regi\u00f3n ha cambiado mucho. \u00bfCu\u00e1les cree que han sido los principales hitos de la Ribera del Duero en estas casi cuatro d\u00e9cadas?<\/strong><\/p>\n\n\n\n<div class=\"wp-block-image\"><figure class=\"alignright size-large is-resized\"><img loading=\"lazy\" decoding=\"async\" src=\"https:\/\/www.bodeboca.com\/blog\/wp-content\/uploads\/2020\/11\/Jos\u00e9-Manuel-2-422x585.jpg\" alt=\"\" class=\"wp-image-16958\" width=\"318\" height=\"441\" srcset=\"https:\/\/www.bodeboca.com\/blog\/wp-content\/uploads\/2020\/11\/Jos\u00e9-Manuel-2-422x585.jpg 422w, https:\/\/www.bodeboca.com\/blog\/wp-content\/uploads\/2020\/11\/Jos\u00e9-Manuel-2.jpg 722w\" sizes=\"(max-width: 318px) 100vw, 318px\" \/><figcaption>Jos\u00e9 Manuel P\u00e9rez Ovejas<\/figcaption><\/figure><\/div>\n\n\n\n<p>Los comienzos de la D.O. no fueron f\u00e1ciles ya que \u00e9ramos muy pocos, pero est\u00e1bamos convencidos del potencial que ten\u00edamos para hacer grandes vinos. Desde ese convencimiento luego se incorporaron otras bodegas y grupos de prestigio que vieron en la <a href=\"?utm_source=blog&amp;utm_medium=referral&amp;utm_campaign=perezovejas\" target=\"_blank\" rel=\"noreferrer noopener\" aria-label=\"Ribera del Duero (se abre en una nueva pesta\u00f1a)\">Ribera del Duero<\/a> un diamante, hasta que a finales de los a\u00f1os ochenta empezamos a obtener un reconocimiento por parte de los cr\u00edticos que hasta entonces solo hab\u00edan tenido en Espa\u00f1a los vinos de Rioja. <a href=\"https:\/\/www.bodeboca.com\/bodegas\/vega-sicilia?utm_source=blog&amp;utm_medium=referral&amp;utm_campaign=perezovejas\" target=\"_blank\" rel=\"noreferrer noopener\" aria-label=\"Vega Sicilia (se abre en una nueva pesta\u00f1a)\">Vega Sicilia<\/a> fue una punta de lanza para los pioneros que entonces empez\u00e1bamos. Los a\u00f1os 2000 fueron los de la consolidaci\u00f3n, <strong>creamos un estilo inconfundible con vinos opulentos, carnosos, con importante concentraci\u00f3n y color y tambi\u00e9n con una mineralidad y frescura evidentes<\/strong> gracias a la altitud y a la heterogeneidad de la regi\u00f3n. Sin embargo, no hay que ser autocomplacientes ya que <strong>nos queda mucho camino por recorrer<\/strong>. En este sentido creo que <strong>tenemos que potenciar los mercados internacionales<\/strong>, que son muy competitivos, para llegar al nivel de los grandes vinos de Francia o Italia.<\/p>\n\n\n\n<p><strong>En 2017 fue galardonado por el diario Expansi\u00f3n como mejor bodeguero del a\u00f1o y un a\u00f1o m\u00e1s tarde La Semana Vitivin\u00edcola tambi\u00e9n lo premi\u00f3 como mejor en\u00f3logo de 2018. \u00bfQu\u00e9 supuso para usted estos reconocimientos?&nbsp;<\/strong><\/p>\n\n\n\n<p>Los premios no me obsesionan. Son reconocimientos que valoro sobre todo cuando te los conceden medios de tanto prestigio, pero <strong>para m\u00ed el premio m\u00e1s importante es el que te otorga el consumidor final<\/strong>. Cuando por ejemplo vas a un restaurante y alguien te felicita por tus vinos. Yo tengo grandes amigos en\u00f3logos que tambi\u00e9n han merecido importantes reconocimientos y me alegro mucho por ellos. Al final que te valoren siempre te gusta y es un aliciente para seguir creciendo como profesional, pero <strong>soy de los que piensan que los mejores vinos siempre est\u00e1n por hacer<\/strong>. Soy un en\u00f3logo inconformista y ambicioso.<\/p>\n\n\n\n<p><strong>Sin \u00e1nimo de entrar en pol\u00e9micas familiares, en marzo de 2019 abandon\u00f3 <a href=\"https:\/\/www.bodeboca.com\/bodegas\/vina-pedrosa?utm_source=blog&amp;utm_medium=referral&amp;utm_campaign=perezovejas\" target=\"_blank\" rel=\"noreferrer noopener\" aria-label=\" (se abre en una nueva pesta\u00f1a)\">Bodegas P\u00e9rez Pascuas<\/a>. Un momento que imaginamos fue muy dif\u00edcil para usted despu\u00e9s de tantos a\u00f1os de dedicaci\u00f3n. Con la perspectiva que da el tiempo, \u00bfqu\u00e9 ense\u00f1anza ha sacado de esa vivencia?&nbsp;<\/strong><\/p>\n\n\n\n<p>Efectivamente fue un momento duro e inesperado, pero de algo as\u00ed siempre se sacan conclusiones. Yo soy una persona positiva y adem\u00e1s desde el primer momento tuve el reconocimiento y el cari\u00f1o del sector, y muchas personas cercanas me dijeron que ten\u00eda que seguir para adelante. Pronto empec\u00e9 a ordenar mis ideas y a organizar mi futuro y me empezaron a llamar bodegas de reconocido prestigio tanto nacionales como internacionales como <a href=\"https:\/\/www.bodeboca.com\/bodegas\/juve-camps?utm_source=blog&amp;utm_medium=referral&amp;utm_campaign=perezovejas\" target=\"_blank\" rel=\"noreferrer noopener\" aria-label=\"Juv\u00e9 &amp; Camps (se abre en una nueva pesta\u00f1a)\">Juv\u00e9 &amp; Camps<\/a>, a la que estoy muy agradecido.<\/p>\n\n\n\n<p><strong>\u00bfPor qu\u00e9 decidi\u00f3 aceptar la oferta de la familia Juv\u00e9?<\/strong><\/p>\n\n\n\n<p>Es un gran grupo y enseguida me hablaron con absoluta transparencia del proyecto. Yo siempre los he admirado desde fuera, y cuando viajaba al extranjero siempre ped\u00eda <a rel=\"noreferrer noopener\" aria-label=\"un cava de Juv\u00e9 &amp; Camps (se abre en una nueva pesta\u00f1a)\" href=\"https:\/\/www.bodeboca.com\/bodegas\/juve-camps?utm_source=blog&amp;utm_medium=referral&amp;utm_campaign=perezovejas\" target=\"_blank\">un cava de Juv\u00e9 &amp; Camps<\/a>. <strong>Me gusta mucho el proyecto global que tienen y el potencial de bodegas como <a href=\"https:\/\/www.bodeboca.com\/bodegas\/pagos-anguix?utm_source=blog&amp;utm_medium=referral&amp;utm_campaign=perezovejas\" target=\"_blank\" rel=\"noreferrer noopener\" aria-label=\"Pagos de Anguix (se abre en una nueva pesta\u00f1a)\">Pagos de Anguix<\/a>, en <a rel=\"noreferrer noopener\" aria-label=\" (se abre en una nueva pesta\u00f1a)\" href=\"https:\/\/www.bodeboca.com\/vino\/espana\/castilla-y-leon\/ribera-duero?utm_source=blog&amp;utm_medium=referral&amp;utm_campaign=perezovejas\" target=\"_blank\">Ribera del Duero<\/a><\/strong>. Estoy muy agradecido a Meritxell Juv\u00e9 y a su padre Joan por la confianza y por c\u00f3mo me han tratado desde el principio, e intentar\u00e9 darles todo lo que me pidan desde el respeto y la admiraci\u00f3n a todo el equipo t\u00e9cnico. <strong>Estoy muy a gusto y muy contento con la acogida que he tenido y quiero expresar mi agradecimiento a todos<\/strong>. Soy una persona que siempre ha cre\u00eddo en los equipos, y pienso que nadie tiene que tomar protagonismo, ya que en equipo siempre salen las mejores ideas y todos nos enriquecemos m\u00e1s.\u00a0<\/p>\n\n\n\n<div class=\"wp-block-image\"><figure class=\"aligncenter size-large is-resized\"><img loading=\"lazy\" decoding=\"async\" src=\"https:\/\/www.bodeboca.com\/blog\/wp-content\/uploads\/2020\/11\/Propietat-dEspiells-Can-Rius-Espiells-877x585.jpg\" alt=\"\" class=\"wp-image-16962\" width=\"461\" height=\"307\" srcset=\"https:\/\/www.bodeboca.com\/blog\/wp-content\/uploads\/2020\/11\/Propietat-dEspiells-Can-Rius-Espiells-877x585.jpg 877w, https:\/\/www.bodeboca.com\/blog\/wp-content\/uploads\/2020\/11\/Propietat-dEspiells-Can-Rius-Espiells-768x512.jpg 768w, https:\/\/www.bodeboca.com\/blog\/wp-content\/uploads\/2020\/11\/Propietat-dEspiells-Can-Rius-Espiells.jpg 1295w\" sizes=\"(max-width: 461px) 100vw, 461px\" \/><figcaption>Vista de Propietat d&#8217;Espiells<\/figcaption><\/figure><\/div>\n\n\n\n<p><strong>\u00bfEn qu\u00e9 consiste exactamente su papel como asesor t\u00e9cnico corporativo del grupo y cu\u00e1les han sido sus primeros desaf\u00edos dentro de \u00e9l?<\/strong><\/p>\n\n\n\n<p>Al principio estuve conociendo la casa en profundidad haciendo varios viajes a la zona de <strong><a href=\"https:\/\/www.bodeboca.com\/bodegas\/propietat-d-espiells?utm_source=blog&amp;utm_medium=referral&amp;utm_campaign=perezovejas\" target=\"_blank\" rel=\"noreferrer noopener\" aria-label=\"Propietat d\u2019Espiells (se abre en una nueva pesta\u00f1a)\">Propietat d\u2019Espiells<\/a><\/strong>, que conoc\u00eda menos. Tom\u00e9 el pulso al grupo y conoc\u00ed su vi\u00f1edo, que en total abarca<strong> 278 hect\u00e1reas<\/strong> con diferentes variedades que van m\u00e1s all\u00e1 de las t\u00edpicas del <a rel=\"noreferrer noopener\" aria-label=\"cava (se abre en una nueva pesta\u00f1a)\" href=\"https:\/\/www.bodeboca.com\/vino\/espana\/espana\/cava?utm_source=blog&amp;utm_medium=referral&amp;utm_campaign=perezovejas\" target=\"_blank\">cava<\/a>. Quise conocer de primera mano todo lo que hab\u00eda all\u00ed y luego ya su proyecto en <strong><a rel=\"noreferrer noopener\" aria-label=\" (se abre en una nueva pesta\u00f1a)\" href=\"https:\/\/www.bodeboca.com\/vino\/espana\/castilla-y-leon\/ribera-duero?utm_source=blog&amp;utm_medium=referral&amp;utm_campaign=perezovejas\" target=\"_blank\">Ribera del Duero<\/a><\/strong>, donde lo ten\u00eda m\u00e1s f\u00e1cil por mi experiencia y porque vivo aqu\u00ed, en Pedrosa de Duero. <strong>A nivel t\u00e9cnico mi papel es el de aportar mi experiencia y conocimiento con nuevas ideas<\/strong>. Y luego a nivel corporativo participar en eventos y catas con medios de comunicaci\u00f3n, prescriptores y especialistas presentando los vinos del grupo.<strong> Es un trabajo muy polifac\u00e9tico que siempre parte desde la base t\u00e9cnica<\/strong>, ya que es mi formaci\u00f3n y donde m\u00e1s puedo aportar.\u00a0<\/p>\n\n\n\n<p><strong>\u00bfC\u00f3mo lleva pasar de trabajar exclusivamente con vinos tintos a hacerlo tambi\u00e9n con cava, que es el vino por excelencia de <a href=\"https:\/\/www.bodeboca.com\/bodegas\/juve-camps?utm_source=blog&amp;utm_medium=referral&amp;utm_campaign=perezovejas\" target=\"_blank\" rel=\"noreferrer noopener\" aria-label=\"Juv\u00e9 &amp; Camps (se abre en una nueva pesta\u00f1a)\">Juv\u00e9 &amp; Camps<\/a>?<\/strong><\/p>\n\n\n\n<p>Lo llevo muy bien, ya que <strong>estoy viviendo un periodo de enriquecimiento profesional muy grande<\/strong>. Aunque l\u00f3gicamente ten\u00eda ya el conocimiento t\u00e9cnico por lo que he estudiado y catado en todos estos a\u00f1os, no es lo mismo que vivirlo desde dentro. <strong>El equipo t\u00e9cnico que el grupo tiene para sus <a href=\"https:\/\/www.bodeboca.com\/vino\/espana\/espana\/cava?utm_source=blog&amp;utm_medium=referral&amp;utm_campaign=perezovejas\" target=\"_blank\" rel=\"noreferrer noopener\" aria-label=\" (se abre en una nueva pesta\u00f1a)\">cavas<\/a> es muy bueno y me est\u00e1n ense\u00f1ando mucho<\/strong>, ayud\u00e1ndome a abrir un poco mi espectro y a conocer una zona vitivin\u00edcola completamente diferente a mi Ribera del Duero natal. Lo estoy viviendo con pasi\u00f3n e ilusi\u00f3n, en contacto permanente con los en\u00f3logos de all\u00ed. Para m\u00ed est\u00e1 siendo una etapa muy bonita.&nbsp;<\/p>\n\n\n\n<p><strong>Imaginamos que no es ajeno a los diferentes puntos de vista que existen actualmente entre los distintos elaboradores de <a href=\"https:\/\/www.bodeboca.com\/vino\/espana\/espana\/cava?utm_source=blog&amp;utm_medium=referral&amp;utm_campaign=perezovejas\" target=\"_blank\" rel=\"noreferrer noopener\" aria-label=\" (se abre en una nueva pesta\u00f1a)\">cava<\/a> del <a href=\"https:\/\/www.bodeboca.com\/vino\/espana\/cataluna\/penedes?utm_source=blog&amp;utm_medium=referral&amp;utm_campaign=perezovejas\" target=\"_blank\" rel=\"noreferrer noopener\" aria-label=\"Pened\u00e8s (se abre en una nueva pesta\u00f1a)\">Pened\u00e8s<\/a>. \u00bfTiene alguna opini\u00f3n formada al respecto?<\/strong><\/p>\n\n\n\n<p>Aunque vivo en la <a href=\"https:\/\/www.bodeboca.com\/vino\/espana\/castilla-y-leon\/ribera-duero?utm_source=blog&amp;utm_medium=referral&amp;utm_campaign=perezovejas\" target=\"_blank\" rel=\"noreferrer noopener\" aria-label=\" (se abre en una nueva pesta\u00f1a)\">Ribera del Duero<\/a>, soy consciente de las escisiones que han existido en el entorno de la <a href=\"https:\/\/www.bodeboca.com\/vino\/espana\/espana\/cava?utm_source=blog&amp;utm_medium=referral&amp;utm_campaign=perezovejas\" target=\"_blank\" rel=\"noreferrer noopener\" aria-label=\" (se abre en una nueva pesta\u00f1a)\">D.O. Cava<\/a>. Cada bodega al final toma sus decisiones y sus caminos y me parece bien, aunque <strong>Juv\u00e9 &amp; Camps sigue apostando firmemente por la D.O. Cava como locomotora de la regi\u00f3n. Somos l\u00edderes en la comercializaci\u00f3n de cavas Gran Reserva de la denominaci\u00f3n de origen<\/strong>. <strong>Hablar de <a href=\"https:\/\/www.bodeboca.com\/bodegas\/juve-camps?utm_source=blog&amp;utm_medium=referral&amp;utm_campaign=perezovejas\" target=\"_blank\" rel=\"noreferrer noopener\" aria-label=\"Juv\u00e9 &amp; Camps (se abre en una nueva pesta\u00f1a)\">Juv\u00e9 &amp; Camps<\/a> es hablar de la D.O. Cava y tenemos muy claro que queremos seguir por este camino.<\/strong> Nosotros nos sentimos muy orgullosos de pertenecer a esta denominaci\u00f3n de origen y con el prestigio de nuestra marca hacer crecer&nbsp; la D.O. en todo el mundo. Al margen de etiquetas, creo que lo m\u00e1s importante es la calidad del producto.<\/p>\n\n\n\n<div class=\"wp-block-image\"><figure class=\"aligncenter size-large is-resized\"><img loading=\"lazy\" decoding=\"async\" src=\"https:\/\/www.bodeboca.com\/blog\/wp-content\/uploads\/2020\/11\/Jose-Mnauel-con-Meritxell-y-Juan-Juv\u00e9-1-538x585.jpg\" alt=\"\" class=\"wp-image-16968\" width=\"389\" height=\"423\" srcset=\"https:\/\/www.bodeboca.com\/blog\/wp-content\/uploads\/2020\/11\/Jose-Mnauel-con-Meritxell-y-Juan-Juv\u00e9-1-538x585.jpg 538w, https:\/\/www.bodeboca.com\/blog\/wp-content\/uploads\/2020\/11\/Jose-Mnauel-con-Meritxell-y-Juan-Juv\u00e9-1-768x835.jpg 768w, https:\/\/www.bodeboca.com\/blog\/wp-content\/uploads\/2020\/11\/Jose-Mnauel-con-Meritxell-y-Juan-Juv\u00e9-1-1412x1536.jpg 1412w, https:\/\/www.bodeboca.com\/blog\/wp-content\/uploads\/2020\/11\/Jose-Mnauel-con-Meritxell-y-Juan-Juv\u00e9-1-1883x2048.jpg 1883w\" sizes=\"(max-width: 389px) 100vw, 389px\" \/><figcaption>Jos\u00e9 Manuel, a la izquierda de la imagen, junto a Joan Juv\u00e9 y su hija Meritxell<\/figcaption><\/figure><\/div>\n\n\n\n<p><strong>\u00bfEl consumidor va a apreciar en los pr\u00f3ximos a\u00f1os un cambio de estilo en los cavas y vinos tranquilos del grupo como consecuencia de su asesoramiento?<\/strong><\/p>\n\n\n\n<p>Los cavas y vinos de <a href=\"https:\/\/www.bodeboca.com\/bodegas\/juve-camps?utm_source=blog&amp;utm_medium=referral&amp;utm_campaign=perezovejas\" target=\"_blank\" rel=\"noreferrer noopener\" aria-label=\"Juv\u00e9 &amp; Camps (se abre en una nueva pesta\u00f1a)\">Juv\u00e9 &amp; Camps<\/a> tienen un estilo y una identidad propia, y una historia detr\u00e1s que los avala, as\u00ed que <strong>no entender\u00eda que se percibiera un gran cambio tras mi llegada<\/strong>. Por mi parte intentar\u00e9 aportar todo lo que pueda, y si en alg\u00fan aspecto se puede mejorar, se har\u00e1; pero tampoco ser\u00eda l\u00f3gico que el perfil de los vinos cambiase,<strong> ya que tienen una identidad muy definida<\/strong>. Intentar\u00e9 contribuir al m\u00e1ximo, pero lo m\u00e1s importante es que sigamos en la cumbre haciendo equipo.&nbsp;<\/p>\n\n\n\n<p><strong>\u00bfCon qu\u00e9 logros se quedar\u00eda satisfecho una vez finalice su etapa en el grupo?<\/strong><\/p>\n\n\n\n<p>Para m\u00ed, lo m\u00e1s importante es que la direcci\u00f3n del grupo se sienta satisfecha con mi trabajo y haya cumplido sus expectativas como profesional.<strong> Tenemos mucho trabajo a nivel t\u00e9cnico y de comunicaci\u00f3n, especialmente con <a rel=\"noreferrer noopener\" aria-label=\"Pagos de Anguix (se abre en una nueva pesta\u00f1a)\" href=\"https:\/\/www.bodeboca.com\/bodegas\/pagos-anguix?utm_source=blog&amp;utm_medium=referral&amp;utm_campaign=perezovejas\" target=\"_blank\">Pagos de Anguix<\/a>, que es una marca con mucho potencial todav\u00eda por desarrollar<\/strong> en la que me voy a volcar much\u00edsimo. Hoy es una marca que est\u00e1 empezando, pero <strong>estamos seguros de que ser\u00e1 la nueva gran referencia en la <a rel=\"noreferrer noopener\" aria-label=\" (se abre en una nueva pesta\u00f1a)\" href=\"https:\/\/www.bodeboca.com\/vino\/espana\/castilla-y-leon\/ribera-duero?utm_source=blog&amp;utm_medium=referral&amp;utm_campaign=perezovejas\" target=\"_blank\">Ribera del Duero<\/a><\/strong> y estamos haciendo las cosas bien para conseguirlo, aunque eso requiere tiempo. Creo que ser\u00e1 una marca admirada y respetada tanto a nivel nacional como internacional y el camino iniciado es muy bueno, ya que se est\u00e1 trabajando con compromiso y ganas de hacerlo bien.\u00a0<\/p>\n\n\n\n<p><strong>Y para terminar, una pregunta que le hacemos a todos los bodegueros y elaboradores. \u00bfCu\u00e1les son los vinos de cabecera de Jos\u00e9 Manuel P\u00e9rez Ovejas al margen de los que \u00e9l mismo elabora?&nbsp;<\/strong><\/p>\n\n\n\n<p>Yo soy <strong><a href=\"https:\/\/www.bodeboca.com\/vino\/espana\/castilla-y-leon\/ribera-duero?utm_source=blog&amp;utm_medium=referral&amp;utm_campaign=perezovejas\" target=\"_blank\" rel=\"noreferrer noopener\" aria-label=\" (se abre en una nueva pesta\u00f1a)\">ribere\u00f1o<\/a> <\/strong>de nacimiento y tengo pasi\u00f3n por los vinos de la zona, especialmente por los m\u00e1s aut\u00e9nticos, no tanto por los m\u00e1s comerciales. Tambi\u00e9n pruebo mucho <strong><a rel=\"noreferrer noopener\" aria-label=\"Rioja (se abre en una nueva pesta\u00f1a)\" href=\"https:\/\/www.bodeboca.com\/vino\/espana\/la-rioja\/rioja?utm_source=blog&amp;utm_medium=referral&amp;utm_campaign=perezovejas\" target=\"_blank\">Rioja<\/a> <\/strong>y a nivel internacional soy m\u00e1s de <strong><a rel=\"noreferrer noopener\" aria-label=\"Burdeos  (se abre en una nueva pesta\u00f1a)\" href=\"https:\/\/www.bodeboca.com\/vino\/francia?page=1&amp;sort=rating-desc&amp;origin=318&amp;region=863?utm_source=blog&amp;utm_medium=referral&amp;utm_campaign=perezovejas\" target=\"_blank\">Burdeos <\/a><\/strong>que de <strong><a rel=\"noreferrer noopener\" aria-label=\"Borgo\u00f1a (se abre en una nueva pesta\u00f1a)\" href=\"https:\/\/www.bodeboca.com\/vino\/francia?page=1&amp;sort=rating-desc&amp;origin=318&amp;region=861?utm_source=blog&amp;utm_medium=referral&amp;utm_campaign=perezovejas\" target=\"_blank\">Borgo\u00f1a<\/a><\/strong>. Por supuesto tambi\u00e9n admiro a los grandes <strong>champagnes <\/strong>como <strong><a rel=\"noreferrer noopener\" aria-label=\"Dom P\u00e9rignon (se abre en una nueva pesta\u00f1a)\" href=\"https:\/\/www.bodeboca.com\/bodegas\/dom-perignon?utm_source=blog&amp;utm_medium=referral&amp;utm_campaign=perezovejas\" target=\"_blank\">Dom P\u00e9rignon<\/a> o <a rel=\"noreferrer noopener\" aria-label=\"Roederer (se abre en una nueva pesta\u00f1a)\" href=\"https:\/\/www.bodeboca.com\/bodegas\/louis-roederer?utm_source=blog&amp;utm_medium=referral&amp;utm_campaign=perezovejas\" target=\"_blank\">Roederer<\/a><\/strong>, y <strong><a rel=\"noreferrer noopener\" aria-label=\"Jerez (se abre en una nueva pesta\u00f1a)\" href=\"https:\/\/www.bodeboca.com\/vino\/espana\/andalucia\/jerez-xeres-sherry?utm_source=blog&amp;utm_medium=referral&amp;utm_campaign=perezovejas\" target=\"_blank\">Jerez<\/a> <\/strong>es una zona que todav\u00eda tengo que descubrir un poco m\u00e1s. Igualmente tengo predilecci\u00f3n por los <strong><a rel=\"noreferrer noopener\" aria-label=\"godellos de Valdeorras (se abre en una nueva pesta\u00f1a)\" href=\"https:\/\/www.bodeboca.com\/vino\/espana\/galicia\/valdeorras?utm_source=blog&amp;utm_medium=referral&amp;utm_campaign=perezovejas\" target=\"_blank\">godellos de Valdeorras<\/a><\/strong>, por vinos del <strong><a rel=\"noreferrer noopener\" aria-label=\"Pened\u00e8s (se abre en una nueva pesta\u00f1a)\" href=\"https:\/\/www.bodeboca.com\/vino\/espana\/cataluna\/penedes?utm_source=blog&amp;utm_medium=referral&amp;utm_campaign=perezovejas\" target=\"_blank\">Pened\u00e8s<\/a> <\/strong>y por los blancos de <strong><a href=\"https:\/\/www.bodeboca.com\/vino\/espana\/castilla-y-leon\/rueda?utm_source=blog&amp;utm_medium=referral&amp;utm_campaign=perezovejas\" target=\"_blank\" rel=\"noreferrer noopener\" aria-label=\"Rueda (se abre en una nueva pesta\u00f1a)\">Rueda<\/a> <\/strong>con un poco de barrica. Y no me olvido de <strong><a href=\"https:\/\/www.bodeboca.com\/vino\/espana\/castilla-y-leon\/toro?utm_source=blog&amp;utm_medium=referral&amp;utm_campaign=perezovejas\" target=\"_blank\" rel=\"noreferrer noopener\" aria-label=\"Toro (se abre en una nueva pesta\u00f1a)\">Toro<\/a><\/strong>, que est\u00e1 apostando \u00faltimamente por una viticultura m\u00e1s racional, como es el caso de <strong><a rel=\"noreferrer noopener\" aria-label=\"Quinta Quietud (se abre en una nueva pesta\u00f1a)\" href=\"https:\/\/www.bodeboca.com\/bodegas\/quinta-la-quietud?utm_source=blog&amp;utm_medium=referral&amp;utm_campaign=perezovejas\" target=\"_blank\">Quinta Quietud<\/a><\/strong>. En cualquier caso, para mi los grandes vinos son aquellos que te emocionan y te dejan un recuerdo que perdura para siempre.<\/p>\n<div id=\"themify_builder_content-16954\" data-postid=\"16954\" class=\"themify_builder_content themify_builder_content-16954 themify_builder themify_builder_front\">\n\t<\/div>\n<!-- \/themify_builder_content -->","protected":false},"excerpt":{"rendered":"<p>Con m\u00e1s de una treintena de vendimias a su espalda, una Ingenier\u00eda T\u00e9cnica Agr\u00edcola y un m\u00e1ster en Viticultura y Enolog\u00eda, adem\u00e1s de un apellido que respira vino por los cuatro costados, Jos\u00e9 Manuel P\u00e9rez Ovejas (Pedrosa de Duero, 1965) es uno de los en\u00f3logos m\u00e1s admirados del panorama espa\u00f1ol. Hijo y nieto de viticultores [&hellip;]<\/p>\n","protected":false},"author":2,"featured_media":16994,"comment_status":"open","ping_status":"closed","sticky":false,"template":"","format":"standard","meta":{"footnotes":""},"categories":[129],"tags":[197,2972,2958,2952,2956,2968,2970,2964,2966,2962,23,2379],"aioseo_notices":[],"_links":{"self":[{"href":"https:\/\/www.bodeboca.com\/blog\/wp-json\/wp\/v2\/posts\/16954"}],"collection":[{"href":"https:\/\/www.bodeboca.com\/blog\/wp-json\/wp\/v2\/posts"}],"about":[{"href":"https:\/\/www.bodeboca.com\/blog\/wp-json\/wp\/v2\/types\/post"}],"author":[{"embeddable":true,"href":"https:\/\/www.bodeboca.com\/blog\/wp-json\/wp\/v2\/users\/2"}],"replies":[{"embeddable":true,"href":"https:\/\/www.bodeboca.com\/blog\/wp-json\/wp\/v2\/comments?post=16954"}],"version-history":[{"count":13,"href":"https:\/\/www.bodeboca.com\/blog\/wp-json\/wp\/v2\/posts\/16954\/revisions"}],"predecessor-version":[{"id":16996,"href":"https:\/\/www.bodeboca.com\/blog\/wp-json\/wp\/v2\/posts\/16954\/revisions\/16996"}],"wp:featuredmedia":[{"embeddable":true,"href":"https:\/\/www.bodeboca.com\/blog\/wp-json\/wp\/v2\/media\/16994"}],"wp:attachment":[{"href":"https:\/\/www.bodeboca.com\/blog\/wp-json\/wp\/v2\/media?parent=16954"}],"wp:term":[{"taxonomy":"category","embeddable":true,"href":"https:\/\/www.bodeboca.com\/blog\/wp-json\/wp\/v2\/categories?post=16954"},{"taxonomy":"post_tag","embeddable":true,"href":"https:\/\/www.bodeboca.com\/blog\/wp-json\/wp\/v2\/tags?post=16954"}],"curies":[{"name":"wp","href":"https:\/\/api.w.org\/{rel}","templated":true}]}}