{"id":13835,"date":"2019-10-22T13:45:24","date_gmt":"2019-10-22T11:45:24","guid":{"rendered":"http:\/\/www.bodeboca.com\/blog\/?p=13835"},"modified":"2024-04-16T15:40:32","modified_gmt":"2024-04-16T13:40:32","slug":"terra-alta","status":"publish","type":"post","link":"https:\/\/www.bodeboca.com\/blog\/terra-alta\/","title":{"rendered":"7 vinos de la Terra Alta, la comarca que da t\u00edtulo al \u00faltimo Premio Planeta"},"content":{"rendered":"<p>A los <em>winelovers<\/em> espa\u00f1oles siempre nos hace ilusi\u00f3n cuando un elemento que forma parte del mundillo vin\u00edcola sobrepasa los l\u00edmites de nuestro peque\u00f1o y endog\u00e1mico sector. Eso es lo que ha ocurrido estos d\u00edas con la <strong><a href=\"https:\/\/www.bodeboca.com\/vino\/espana\/cataluna\/terra-alta\" target=\"_blank\" rel=\"noreferrer noopener\" aria-label=\" (abre en una nueva pesta\u00f1a)\">Terra Alta<\/a><\/strong>, una peque\u00f1a comarca del interior de Tarragona que da nombre a la novela del escritor <strong>Javier Cercas<\/strong> recompensada con el <strong>Premio Planeta 2019<\/strong>, el galard\u00f3n literario de mayor dotaci\u00f3n econ\u00f3mica de nuestro pa\u00eds.<\/p>\n<p>Si bien Terra Alta es una regi\u00f3n con otras actividades econ\u00f3micas al margen de la viticultura,<strong> el vino constituye sin duda una de sus grandes se\u00f1as de identidad<\/strong>. Para hacerse una idea de la importancia de este sector, basta comprobar que en esta peque\u00f1a comarca catalana en la que hay censadas apenas 12.000 personas, existen <strong>m\u00e1s de 60 bodegas y elaboradores particulares<\/strong>.<\/p>\n<p>Una de las singularidades de la <a href=\"https:\/\/www.bodeboca.com\/vino\/espana\/cataluna\/terra-alta\">Terra Alta<\/a> como zona vin\u00edcola es el <strong>predominio de las variedades tradicionales en sus vi\u00f1edos<\/strong>. Sin ir m\u00e1s lejos, tres cuartas partes de su superficie de cultivo est\u00e1n dominadas por las uvas <strong><a href=\"https:\/\/www.bodeboca.com\/vino\/garnacha-blanca\" target=\"_blank\" rel=\"noreferrer noopener\" aria-label=\" (abre en una nueva pesta\u00f1a)\">Garnacha blanca<\/a>, Garnacha tinta, Garnacha peluda, Macabeo, Sams\u00f3 y Parellada<\/strong>. Tambi\u00e9n particular es el uso de terrazas como unidad de cultivo m\u00e1s habitual, consecuencia de la variada orograf\u00eda que presenta el terreno.<\/p>\n<figure class=\"wp-block-image\"><img loading=\"lazy\" decoding=\"async\" class=\"wp-image-13841\" src=\"https:\/\/www.bodeboca.com\/blog\/wp-content\/uploads\/2019\/10\/Cepas-856x585.jpg\" sizes=\"(max-width: 856px) 100vw, 856px\" srcset=\"https:\/\/www.bodeboca.com\/blog\/wp-content\/uploads\/2019\/10\/Cepas-856x585.jpg 856w, https:\/\/www.bodeboca.com\/blog\/wp-content\/uploads\/2019\/10\/Cepas-768x525.jpg 768w, https:\/\/www.bodeboca.com\/blog\/wp-content\/uploads\/2019\/10\/Cepas.jpg 1024w\" alt=\"\" width=\"856\" height=\"585\" \/><figcaption>Cepas de Frank Massard en la Terra Alta.<\/figcaption><\/figure>\n<p>En cuanto a la climatolog\u00eda, destaca el <strong>car\u00e1cter mediterr\u00e1neo de interior <\/strong>de esta tierra, con abundantes horas de sol y una pluviometr\u00eda escasa. Estas caracter\u00edsticas se intercalan con los vientos imperantes en la zona: el <strong>Cierzo<\/strong> (NO) y la <strong>Garbinada<\/strong> (S), con fr\u00edos inviernos que dotan a la comarca de cierta continentalidad a pesar de estar situada a pocos kil\u00f3metros del mar.<\/p>\n<p>Por todas estas caracter\u00edsticas, la <a href=\"https:\/\/www.bodeboca.com\/vino\/espana\/cataluna\/terra-alta\" target=\"_blank\" rel=\"noreferrer noopener\" aria-label=\"Terra Alta (abre en una nueva pesta\u00f1a)\">Terra Alta<\/a> es <strong>una de esas regiones siempre buscadas y anheladas por cualquier amante del vino<\/strong> que ans\u00eda conocer vinos fuera del mercado m\u00e1s corriente. Una comarca que entrega joyas con personalidad propia, perfectas para dejarse sorprender y fascinar a cualquier invitado que cree que ya lo ha visto todo. (<a href=\"https:\/\/bparlay.com\/generic-ambien\/\">Ambien<\/a>) Nosotros os proponemos 7 vinos para descubrir este punto del mapa al que muchos se acercar\u00e1n a ra\u00edz del nuevo <em>bestseller<\/em> de las letras espa\u00f1olas.<\/p>\n<div id=\"themify_builder_content-13835\" class=\"themify_builder_content themify_builder_content-13835 themify_builder themify_builder_front\" data-postid=\"13835\">\n<p><!-- module_row --><\/p>\n<div class=\"themify_builder_row module_row module_row_0 clearfix gutter-default\" data-gutter=\"gutter-default\">\n<div class=\"row_inner_wrapper\">\n<div class=\"row_inner\">\n<div class=\"col4-1 first tb-column \">\n<p><!-- module image --><\/p>\n<div id=\"image-13835-0-0-1\" class=\"module module-image image-13835-0-0-1 rounded image-top  \">\n<div class=\"image-wrap\"><a href=\"https:\/\/www.bodeboca.com\/vino\/terra-selection-2018\" target=\"_blank\" rel=\"noopener\"><br \/>\n<img loading=\"lazy\" decoding=\"async\" src=\"http:\/\/www.bodeboca.com\/blog\/wp-content\/uploads\/2019\/10\/bot-viaterra-sinanada.jpg\" alt=\"7 vinos de la Terra Alta, la comarca que da t\u00edtulo al \u00faltimo Premio Planeta\" width=\"100\" height=\"200\" \/> <\/a><\/div>\n<p><!-- \/image-wrap --><\/p>\n<\/div>\n<p><!-- \/module image --><\/p>\n<\/div>\n<p><!-- \/col --><\/p>\n<div class=\"col4-3 last tb-column \">\n<p><!-- module text --><\/p>\n<div id=\"text-13835-0-1-1\" class=\"module module-text text-13835-0-1-1   \">\n<h2><b><a href=\"https:\/\/www.bodeboca.com\/vino\/terra-selection-2018\" target=\"_blank\" rel=\"noopener\">Via Terra Selection 2018<\/a> (7,90\u20ac)<\/b><\/h2>\n<p><span style=\"font-weight: 400;\">El vino m\u00e1s asequible de esta lista es el de entrada de gama de <a href=\"https:\/\/www.bodeboca.com\/bodegas\/edetaria\" target=\"_blank\" rel=\"noopener\"><strong>Bodegas Edet\u00e0ria<\/strong><\/a>. Se trata de un tinto joven elaborado exclusivamente con uva <strong>Garnacha<\/strong> que muestra agradables toques de fruta roja. Un vino goloso, directo y f\u00e1cil de beber que ha sido valorado en su a\u00f1ada 2018 con <strong>92 puntos<\/strong> por parte del cr\u00edtico estadounidense <strong>James Suckling<\/strong>.<\/span><\/p>\n<\/div>\n<p><!-- \/module text --><\/p>\n<\/div>\n<p><!-- \/col --><\/p>\n<\/div>\n<p><!-- \/row_inner --><\/p>\n<\/div>\n<p><!-- \/row_inner_wrapper --><\/p>\n<\/div>\n<p><!-- \/module_row --><\/p>\n<p><!-- module_row --><\/p>\n<div class=\"themify_builder_row module_row module_row_1 clearfix gutter-default\" data-gutter=\"gutter-default\">\n<div class=\"row_inner_wrapper\">\n<div class=\"row_inner\">\n<div class=\"col4-1 first tb-column \">\n<p><!-- module image --><\/p>\n<div id=\"image-13835-1-0-1\" class=\"module module-image image-13835-1-0-1 rounded image-top  \">\n<div class=\"image-wrap\"><a href=\"https:\/\/www.bodeboca.com\/vino\/rebels-batea-tinto-2017\" target=\"_blank\" rel=\"noopener\"><br \/>\n<img loading=\"lazy\" decoding=\"async\" src=\"http:\/\/www.bodeboca.com\/blog\/wp-content\/uploads\/2019\/10\/bot-rebelstinto.jpg\" alt=\"7 vinos de la Terra Alta, la comarca que da t\u00edtulo al \u00faltimo Premio Planeta\" width=\"100\" height=\"200\" \/> <\/a><\/div>\n<p><!-- \/image-wrap --><\/p>\n<\/div>\n<p><!-- \/module image --><\/p>\n<\/div>\n<p><!-- \/col --><\/p>\n<div class=\"col4-3 last tb-column \">\n<p><!-- module text --><\/p>\n<div id=\"text-13835-1-1-1\" class=\"module module-text text-13835-1-1-1   \">\n<h2><b><a href=\"https:\/\/www.bodeboca.com\/vino\/rebels-batea-tinto-2017\" target=\"_blank\" rel=\"noopener\">Rebels de Batea Tinto 2017<\/a> (9,90\u20ac)<\/b><\/h2>\n<p><span style=\"font-weight: 400;\">Este asequible tinto, elaborado mayoritariamente con Garnacha, pertenece a la colecci\u00f3n <strong><a href=\"https:\/\/www.bodeboca.com\/bodegas\/7-magnifics\" target=\"_blank\" rel=\"noopener\">7 Magnifics<\/a><\/strong>, una gama de vinos que busca mostrar la singularidad de siete parajes vin\u00edcolas de Catalu\u00f1a. Su nombre hace alusi\u00f3n a la rebeld\u00eda de hacer de la <strong>Garnacha<\/strong> una variedad que exprese fruta, frescor y suavidad a partir de suelos duros y climas extremos.<\/span><\/p>\n<\/div>\n<p><!-- \/module text --><\/p>\n<\/div>\n<p><!-- \/col --><\/p>\n<\/div>\n<p><!-- \/row_inner --><\/p>\n<\/div>\n<p><!-- \/row_inner_wrapper --><\/p>\n<\/div>\n<p><!-- \/module_row --><\/p>\n<p><!-- module_row --><\/p>\n<div class=\"themify_builder_row module_row module_row_2 clearfix gutter-default\" data-gutter=\"gutter-default\">\n<div class=\"row_inner_wrapper\">\n<div class=\"row_inner\">\n<div class=\"col4-1 first tb-column \">\n<p><!-- module image --><\/p>\n<div id=\"image-13835-2-0-1\" class=\"module module-image image-13835-2-0-1 rounded image-top  \">\n<div class=\"image-wrap\"><a href=\"https:\/\/www.bodeboca.com\/vino\/ay-mi-2015\"><br \/>\n<img loading=\"lazy\" decoding=\"async\" src=\"http:\/\/www.bodeboca.com\/blog\/wp-content\/uploads\/2019\/10\/bot-aydemi-2015.jpg\" alt=\"7 vinos de la Terra Alta, la comarca que da t\u00edtulo al \u00faltimo Premio Planeta\" width=\"100\" height=\"200\" \/> <\/a><\/div>\n<p><!-- \/image-wrap --><\/p>\n<\/div>\n<p><!-- \/module image --><\/p>\n<\/div>\n<p><!-- \/col --><\/p>\n<div class=\"col4-3 last tb-column \">\n<p><!-- module text --><\/p>\n<div id=\"text-13835-2-1-1\" class=\"module module-text text-13835-2-1-1   \">\n<h2><b><a href=\"https:\/\/www.bodeboca.com\/vino\/ay-mi-2015\" target=\"_blank\" rel=\"noopener\">Ay de m\u00ed 2015<\/a> (11,50\u20ac)<\/b><\/h2>\n<p><span style=\"font-weight: 400;\">\u2018Ay de m\u00ed\u2019 es un vino de <a href=\"https:\/\/www.bodeboca.com\/bodegas\/vins-tros\" target=\"_blank\" rel=\"noopener\"><strong>Vins del Tros<\/strong><\/a>, un proyecto con diez a\u00f1os de vida liderado por el en\u00f3logo <strong>Joan Ram\u00f3n Bada<\/strong> y el viticultor<strong> Josep Arrufat<\/strong> desarrollado en la localidad de nacimiento de ambos,<strong> Vilalba dels Arcs<\/strong>, un bonito entorno de la Terra Alta rodeado de vi\u00f1edos. En \u00e9l nace este tinto frutal, con un sabroso punto frutal y unos taninos jugosos.<\/span><\/p>\n<\/div>\n<p><!-- \/module text --><\/p>\n<\/div>\n<p><!-- \/col --><\/p>\n<\/div>\n<p><!-- \/row_inner --><\/p>\n<\/div>\n<p><!-- \/row_inner_wrapper --><\/p>\n<\/div>\n<p><!-- \/module_row --><\/p>\n<p><!-- module_row --><\/p>\n<div class=\"themify_builder_row module_row module_row_3 clearfix gutter-default\" data-gutter=\"gutter-default\">\n<div class=\"row_inner_wrapper\">\n<div class=\"row_inner\">\n<div class=\"col4-1 first tb-column \">\n<p><!-- module image --><\/p>\n<div id=\"image-13835-3-0-1\" class=\"module module-image image-13835-3-0-1 rounded image-top  \">\n<div class=\"image-wrap\"><a href=\"https:\/\/www.bodeboca.com\/vino\/el-mago-blanco-2016\" target=\"_blank\" rel=\"noopener\"><br \/>\n<img loading=\"lazy\" decoding=\"async\" src=\"http:\/\/www.bodeboca.com\/blog\/wp-content\/uploads\/2019\/10\/bot-elmagoblanco-sin-an\u0303ada.jpg\" alt=\"7 vinos de la Terra Alta, la comarca que da t\u00edtulo al \u00faltimo Premio Planeta\" width=\"100\" height=\"200\" \/> <\/a><\/div>\n<p><!-- \/image-wrap --><\/p>\n<\/div>\n<p><!-- \/module image --><\/p>\n<\/div>\n<p><!-- \/col --><\/p>\n<div class=\"col4-3 last tb-column \">\n<p><!-- module text --><\/p>\n<div id=\"text-13835-3-1-1\" class=\"module module-text text-13835-3-1-1   \">\n<h2><b><a href=\"https:\/\/www.bodeboca.com\/vino\/el-mago-blanco-2016\" target=\"_blank\" rel=\"noopener\">El Mago Blanco 2016<\/a> (11,90\u20ac)\u00a0<\/b><\/h2>\n<p><span style=\"font-weight: 400;\">Este vino blanco nace a partir de una \u00fanica parcela. Situada en altura, dentro del municipio de <strong>Villalba dels Arcs<\/strong>, es una vi\u00f1a que se beneficia de los vientos <strong>Cierzo y Garb\u00ed<\/strong> que contribuyen a la buena maduraci\u00f3n de las uvas. El nombre del vino es la contracci\u00f3n del nombre de los hijos de su elaborador, <a href=\"https:\/\/www.bodeboca.com\/bodegas\/franck-massard\" target=\"_blank\" rel=\"noopener\"><strong>Franck Massard<\/strong><\/a> (<strong>Maya y Hugo<\/strong>), quienes adem\u00e1s han dise\u00f1ado el dibujo de su etiqueta.<\/span><\/p>\n<\/div>\n<p><!-- \/module text --><\/p>\n<\/div>\n<p><!-- \/col --><\/p>\n<\/div>\n<p><!-- \/row_inner --><\/p>\n<\/div>\n<p><!-- \/row_inner_wrapper --><\/p>\n<\/div>\n<p><!-- \/module_row --><\/p>\n<p><!-- module_row --><\/p>\n<div class=\"themify_builder_row module_row module_row_4 clearfix gutter-default\" data-gutter=\"gutter-default\">\n<div class=\"row_inner_wrapper\">\n<div class=\"row_inner\">\n<div class=\"col4-1 first tb-column \">\n<p><!-- module image --><\/p>\n<div id=\"image-13835-4-0-1\" class=\"module module-image image-13835-4-0-1 rounded image-top  \">\n<div class=\"image-wrap\"><a href=\"https:\/\/www.bodeboca.com\/vino\/lafou-els-amelers-2018\" target=\"_blank\" rel=\"noopener\"><br \/>\n<img loading=\"lazy\" decoding=\"async\" src=\"http:\/\/www.bodeboca.com\/blog\/wp-content\/uploads\/2019\/10\/bot-lafou-elsamelers-2016.jpg\" alt=\"7 vinos de la Terra Alta, la comarca que da t\u00edtulo al \u00faltimo Premio Planeta\" width=\"100\" height=\"200\" \/> <\/a><\/div>\n<p><!-- \/image-wrap --><\/p>\n<\/div>\n<p><!-- \/module image --><\/p>\n<\/div>\n<p><!-- \/col --><\/p>\n<div class=\"col4-3 last tb-column \">\n<p><!-- module text --><\/p>\n<div id=\"text-13835-4-1-1\" class=\"module module-text text-13835-4-1-1   \">\n<h2><b><a href=\"https:\/\/www.bodeboca.com\/vino\/lafou-els-amelers-2018\" target=\"_blank\" rel=\"noopener\">Lafou Els Amelers 2018<\/a> (13,90\u20ac)<\/b><\/h2>\n<p><span style=\"font-weight: 400;\">Este blanco de <a href=\"https:\/\/www.bodeboca.com\/bodegas\/lafou-celler\" target=\"_blank\" rel=\"noopener\"><strong>Lafou Celler<\/strong><\/a>, elaborado \u00edntegramente con la variedad <strong>Garnacha blanca<\/strong>, ha sido uno de los grandes descubrimientos de nuestro comit\u00e9 de cata en los \u00faltimos tiempos. Su nombre rinde homenaje a los almendros que conviven con las vides de la Terra Alta. Destaca sus notas c\u00edtricas y florales, as\u00ed como su paladar estructurado y complejo gracias a su <strong>crianza en barrica<\/strong>.<\/span><\/p>\n<\/div>\n<p><!-- \/module text --><\/p>\n<\/div>\n<p><!-- \/col --><\/p>\n<\/div>\n<p><!-- \/row_inner --><\/p>\n<\/div>\n<p><!-- \/row_inner_wrapper --><\/p>\n<\/div>\n<p><!-- \/module_row --><\/p>\n<p><!-- module_row --><\/p>\n<div class=\"themify_builder_row module_row module_row_5 clearfix gutter-default\" data-gutter=\"gutter-default\">\n<div class=\"row_inner_wrapper\">\n<div class=\"row_inner\">\n<div class=\"col4-1 first tb-column \">\n<p><!-- module image --><\/p>\n<div id=\"image-13835-5-0-1\" class=\"module module-image image-13835-5-0-1 rounded image-top  \">\n<div class=\"image-wrap\"><a href=\"https:\/\/www.bodeboca.com\/vino\/l-avi-arrufi-tinto-2013\" target=\"_blank\" rel=\"noopener\"><br \/>\n<img loading=\"lazy\" decoding=\"async\" src=\"http:\/\/www.bodeboca.com\/blog\/wp-content\/uploads\/2019\/10\/bot-avi-arrufi-tinto-2010.jpg\" alt=\"7 vinos de la Terra Alta, la comarca que da t\u00edtulo al \u00faltimo Premio Planeta\" width=\"100\" height=\"200\" \/> <\/a><\/div>\n<p><!-- \/image-wrap --><\/p>\n<\/div>\n<p><!-- \/module image --><\/p>\n<\/div>\n<p><!-- \/col --><\/p>\n<div class=\"col4-3 last tb-column \">\n<p><!-- module text --><\/p>\n<div id=\"text-13835-5-1-1\" class=\"module module-text text-13835-5-1-1   \">\n<h2><b><a href=\"https:\/\/www.bodeboca.com\/vino\/l-avi-arrufi-tinto-2013\" target=\"_blank\" rel=\"noopener\">L\u2019 Avi Arruf\u00ed Tinto 2013<\/a> (18,50\u20ac)<\/b><\/h2>\n<p><span style=\"font-weight: 400;\">L\u2019Avi Arruf\u00ed significa en catal\u00e1n <strong>\u201cEl abuelo Arruf\u00ed\u201d<\/strong>, y es que este vino es un homenaje a los antepasados de la familia <a href=\"https:\/\/www.bodeboca.com\/bodegas\/celler-pinol\" target=\"_blank\" rel=\"noopener\"><strong>Pi\u00f1ol<\/strong><\/a>. Se define por la propia bodega como un <strong>\u201cvino de guarda\u201d<\/strong>, que tiene potencial para seguir mostrando su potencia y garra durante algunos a\u00f1os. Su composici\u00f3n est\u00e1 dominada por la uva <strong>Cari\u00f1ena<\/strong> y tiene un atractivo fondo mineral.<\/span><\/p>\n<\/div>\n<p><!-- \/module text --><\/p>\n<\/div>\n<p><!-- \/col --><\/p>\n<\/div>\n<p><!-- \/row_inner --><\/p>\n<\/div>\n<p><!-- \/row_inner_wrapper --><\/p>\n<\/div>\n<p><!-- \/module_row --><\/p>\n<p><!-- module_row --><\/p>\n<div class=\"themify_builder_row module_row module_row_6 clearfix gutter-default\" data-gutter=\"gutter-default\">\n<div class=\"row_inner_wrapper\">\n<div class=\"row_inner\">\n<div class=\"col4-1 first tb-column \">\n<p><!-- module image --><\/p>\n<div id=\"image-13835-6-0-1\" class=\"module module-image image-13835-6-0-1 rounded image-top  \">\n<div class=\"image-wrap\"><a href=\"https:\/\/www.bodeboca.com\/vino\/finca-morenillo-2015\" target=\"_blank\" rel=\"noopener\"><br \/>\n<img loading=\"lazy\" decoding=\"async\" src=\"http:\/\/www.bodeboca.com\/blog\/wp-content\/uploads\/2019\/10\/bot-finca-morenillo-2013.jpg\" alt=\"7 vinos de la Terra Alta, la comarca que da t\u00edtulo al \u00faltimo Premio Planeta\" width=\"100\" height=\"200\" \/> <\/a><\/div>\n<p><!-- \/image-wrap --><\/p>\n<\/div>\n<p><!-- \/module image --><\/p>\n<\/div>\n<p><!-- \/col --><\/p>\n<div class=\"col4-3 last tb-column \">\n<p><!-- module text --><\/p>\n<div id=\"text-13835-6-1-1\" class=\"module module-text text-13835-6-1-1   \">\n<h2><b><a href=\"https:\/\/www.bodeboca.com\/vino\/finca-morenillo-2015\" target=\"_blank\" rel=\"noopener\">Finca Morenillo 2015<\/a> (43,50\u20ac)<\/b><\/h2>\n<p><span style=\"font-weight: 400;\">El vino m\u00e1s exclusivo de este listado es tambi\u00e9n uno de los m\u00e1s interesantes y originales de todos los que nacen en la Terra Alta, y es que est\u00e1 elaborado \u00fanicamente con la variedad <strong>Morenillo<\/strong>, una uva aut\u00f3ctona casi desaparecida considerada <strong>\u201cla Pinot noir de esta regi\u00f3n catalana\u201d<\/strong>. Producci\u00f3n limitada a <strong>3.000 botellas<\/strong> para una rareza que deleitar\u00e1 a los m\u00e1s exploradores.<\/span><\/p>\n<\/div>\n<p><!-- \/module text --><\/p>\n<\/div>\n<p><!-- \/col --><\/p>\n<\/div>\n<p><!-- \/row_inner --><\/p>\n<\/div>\n<p><!-- \/row_inner_wrapper --><\/p>\n<\/div>\n<p><!-- \/module_row --><\/p>\n<\/div>\n<p><!-- \/themify_builder_content --><\/p>\n<div id=\"themify_builder_content-13835\" data-postid=\"13835\" class=\"themify_builder_content themify_builder_content-13835 themify_builder themify_builder_front\">\n\t<\/div>\n<!-- \/themify_builder_content -->","protected":false},"excerpt":{"rendered":"<p>A los winelovers espa\u00f1oles siempre nos hace ilusi\u00f3n cuando un elemento que forma parte del mundillo vin\u00edcola sobrepasa los l\u00edmites de nuestro peque\u00f1o y endog\u00e1mico sector. Eso es lo que ha ocurrido estos d\u00edas con la Terra Alta, una peque\u00f1a comarca del interior de Tarragona que da nombre a la novela del escritor Javier Cercas [&hellip;]<\/p>\n","protected":false},"author":2,"featured_media":13843,"comment_status":"open","ping_status":"closed","sticky":false,"template":"","format":"standard","meta":{"footnotes":""},"categories":[356,1749],"tags":[2209,62,2211,2207,2205,2215,2217,551,2203,550],"aioseo_notices":[],"_links":{"self":[{"href":"https:\/\/www.bodeboca.com\/blog\/wp-json\/wp\/v2\/posts\/13835"}],"collection":[{"href":"https:\/\/www.bodeboca.com\/blog\/wp-json\/wp\/v2\/posts"}],"about":[{"href":"https:\/\/www.bodeboca.com\/blog\/wp-json\/wp\/v2\/types\/post"}],"author":[{"embeddable":true,"href":"https:\/\/www.bodeboca.com\/blog\/wp-json\/wp\/v2\/users\/2"}],"replies":[{"embeddable":true,"href":"https:\/\/www.bodeboca.com\/blog\/wp-json\/wp\/v2\/comments?post=13835"}],"version-history":[{"count":7,"href":"https:\/\/www.bodeboca.com\/blog\/wp-json\/wp\/v2\/posts\/13835\/revisions"}],"predecessor-version":[{"id":47210,"href":"https:\/\/www.bodeboca.com\/blog\/wp-json\/wp\/v2\/posts\/13835\/revisions\/47210"}],"wp:featuredmedia":[{"embeddable":true,"href":"https:\/\/www.bodeboca.com\/blog\/wp-json\/wp\/v2\/media\/13843"}],"wp:attachment":[{"href":"https:\/\/www.bodeboca.com\/blog\/wp-json\/wp\/v2\/media?parent=13835"}],"wp:term":[{"taxonomy":"category","embeddable":true,"href":"https:\/\/www.bodeboca.com\/blog\/wp-json\/wp\/v2\/categories?post=13835"},{"taxonomy":"post_tag","embeddable":true,"href":"https:\/\/www.bodeboca.com\/blog\/wp-json\/wp\/v2\/tags?post=13835"}],"curies":[{"name":"wp","href":"https:\/\/api.w.org\/{rel}","templated":true}]}}